{"id":1382,"date":"2018-06-28T14:48:13","date_gmt":"2018-06-28T14:48:13","guid":{"rendered":"http:\/\/fcpolit.unr.edu.ar\/blogs\/redaccion1-reviglio\/?p=1382"},"modified":"2018-06-28T14:48:13","modified_gmt":"2018-06-28T14:48:13","slug":"notas-del-primer-parcial","status":"publish","type":"post","link":"https:\/\/redaccion1.fcpolit.unr.edu.ar\/comision-reviglio\/2018\/06\/28\/notas-del-primer-parcial\/","title":{"rendered":"Notas del primer parcial"},"content":{"rendered":"<p>1\tAguirre, Luciano\tRECUPERA<br \/>\n2\tCarrillo, Nicol\u00e1s\tAUSENTE<br \/>\n3\tCasazza, Francesca\tRECUPERA<br \/>\n4\tCavagni, Karen\tRECUPERA<br \/>\n5\tCerro Josefina\tMUY BUENO (8)<br \/>\n6\tChan, Gimena\tDISTINGUIDO (9)<br \/>\n7\tContreras, Malena\tMUY BUENO (8)<br \/>\n8\tDeleba, Uriel\tAUSENTE<br \/>\n9\tEscalera Amato, Nicol\u00e1s\tRECUPERA<br \/>\n10\tEtorre, Alejandro\tAUSENTE<br \/>\n11\tFalc\u00f3n, Camila\tRECUPERA<br \/>\n12\tGalicchio, Tom\u00e1s\tBUENO (7)<br \/>\n13\tGamba, Joaqu\u00edn\tBUENO (7)<br \/>\n14\tGarc\u00eda Marques, Tomas\tAUSENTE<br \/>\n15\tGiordano, Julieta\tBUENO (7)<br \/>\n16\tG\u00f3mez, Paulina\tBUENO (7)<br \/>\n17\tKuschnir, Julieta\tMUY BUENO (8)<br \/>\n18\tLeiva, Juan I\tRECUPERA<br \/>\n19\tLima, Germ\u00e1n\tRECUPERA<br \/>\n20\tLogiudice, Abril\tAUSENTE<br \/>\n21\tLomanto, Bianca\tAUSENTE<br \/>\n22\tL\u00f3pez, Juan\tAUSENTE<br \/>\n23\tLovato Juan Pablo\tAPROBADO (6)<br \/>\n24\tMarcucci, Federico\tMUY BUENO (8)<br \/>\n25\tMartegani, Mateo\tAUSENTE<br \/>\n26\tMartin, Santiago\tMUY BUENO (8)<br \/>\n27\tMercado, Isabela\tAPROBADO (6)<br \/>\n28\tMirada, Yamila\tAPROBADO (6)<br \/>\n29\tPlano, Valentina \tDISTINGUIDO (9)<br \/>\n30\tPlenk, Florencia\tAPROBADO (6)<br \/>\n31\tQuiroga, Camila\tBUENO (7)<br \/>\n32\tRetamozo, Nathalie\tAUSENTE<br \/>\n33\tRojas, Celina\tRECUPERA<br \/>\n34\tSala, Mariano\tAPROBADO (6)<br \/>\n35\tStecca, Juan Martin\tAPROBADO (6)<br \/>\n36\tValenzuela, Ana\tAUSENTE<\/p>\n<p><strong>El recuperatorio girar\u00e1 sobre los mismos temas (puntos 1 a 10 de la unidad 1. Textos base y fuentes) y tendr\u00e1 lugar el martes 3\/7 a las 8:45 en el aula 209.<\/strong><\/p>\n","protected":false},"excerpt":{"rendered":"<p>1 Aguirre, Luciano RECUPERA 2 Carrillo, Nicol\u00e1s AUSENTE 3 Casazza, Francesca RECUPERA 4 Cavagni, Karen RECUPERA 5 Cerro Josefina MUY BUENO (8) 6 Chan, Gimena DISTINGUIDO (9) 7 Contreras, Malena MUY BUENO (8) 8 Deleba, Uriel AUSENTE 9 Escalera Amato, Nicol\u00e1s RECUPERA 10 Etorre, Alejandro AUSENTE 11 Falc\u00f3n, Camila RECUPERA 12 Galicchio, Tom\u00e1s BUENO (7) [&hellip;]<\/p>\n","protected":false},"author":17,"featured_media":0,"comment_status":"open","ping_status":"open","sticky":false,"template":"","format":"standard","meta":{"footnotes":""},"categories":[5],"tags":[],"_links":{"self":[{"href":"https:\/\/redaccion1.fcpolit.unr.edu.ar\/comision-reviglio\/wp-json\/wp\/v2\/posts\/1382"}],"collection":[{"href":"https:\/\/redaccion1.fcpolit.unr.edu.ar\/comision-reviglio\/wp-json\/wp\/v2\/posts"}],"about":[{"href":"https:\/\/redaccion1.fcpolit.unr.edu.ar\/comision-reviglio\/wp-json\/wp\/v2\/types\/post"}],"author":[{"embeddable":true,"href":"https:\/\/redaccion1.fcpolit.unr.edu.ar\/comision-reviglio\/wp-json\/wp\/v2\/users\/17"}],"replies":[{"embeddable":true,"href":"https:\/\/redaccion1.fcpolit.unr.edu.ar\/comision-reviglio\/wp-json\/wp\/v2\/comments?post=1382"}],"version-history":[{"count":0,"href":"https:\/\/redaccion1.fcpolit.unr.edu.ar\/comision-reviglio\/wp-json\/wp\/v2\/posts\/1382\/revisions"}],"wp:attachment":[{"href":"https:\/\/redaccion1.fcpolit.unr.edu.ar\/comision-reviglio\/wp-json\/wp\/v2\/media?parent=1382"}],"wp:term":[{"taxonomy":"category","embeddable":true,"href":"https:\/\/redaccion1.fcpolit.unr.edu.ar\/comision-reviglio\/wp-json\/wp\/v2\/categories?post=1382"},{"taxonomy":"post_tag","embeddable":true,"href":"https:\/\/redaccion1.fcpolit.unr.edu.ar\/comision-reviglio\/wp-json\/wp\/v2\/tags?post=1382"}],"curies":[{"name":"wp","href":"https:\/\/api.w.org\/{rel}","templated":true}]}}