{"id":1375,"date":"2018-06-05T16:13:26","date_gmt":"2018-06-05T16:13:26","guid":{"rendered":"http:\/\/fcpolit.unr.edu.ar\/blogs\/redaccion1-reviglio\/?p=1375"},"modified":"2018-06-05T16:13:26","modified_gmt":"2018-06-05T16:13:26","slug":"trabajo-practico-n-8-salida-al-campo-ley-de-medios-en-el-dia-del-periodista","status":"publish","type":"post","link":"https:\/\/redaccion1.fcpolit.unr.edu.ar\/comision-reviglio\/2018\/06\/05\/trabajo-practico-n-8-salida-al-campo-ley-de-medios-en-el-dia-del-periodista\/","title":{"rendered":"Trabajo Pr\u00e1ctico N\u00b0 8: Salida al campo. Ley de medios en el d\u00eda del Periodista"},"content":{"rendered":"<p><em>Por Cecilia Reviglio<\/em><br \/>\n<strong>Objetivos:<\/strong><br \/>\n-que los estudiantes experimenten una salida al campo.<br \/>\n\u2013 que los estudiantes pongan en pr\u00e1ctica el registro de informaci\u00f3n a partir de cubrir un evento concreto.<br \/>\n\u2013 que los estudiantes ensayen el reordenamiento cognitivo a partir de notas propias para la redacci\u00f3n de un texto noticioso. <!--more--><\/p>\n<p><strong>Consignas:<\/strong><br \/>\n1) Asistir a la charla debate <a href=\"https:\/\/blogs-fcpolit.unr.edu.ar\/redaccion1\/2018\/05\/30\/1366\/\">\u201cEl mapa de la concentraci\u00f3n. Despu\u00e9s del desguace de la Ley de Medios\u201d<\/a>, organizada por el Sindicato de Prensa Rosario en el marco del d\u00eda del periodista y de los trabajadores de prensa el 7 de junio a las  18.30 horas en la sede de la UNR, Maip\u00fa 1065.<\/p>\n<p>2) Tomar nota de todo lo que suceda durante el desarrollo de la conferencia. Tambi\u00e9n de algunos momentos previos y otros posteriores. Organizar las notas en los siguientes ejes: clima (cantidad de personas, sonidos, descripciones del lugar donde se realiz\u00f3, descripciones del conferencista (rasgos f\u00edsicos, vestimenta), descripci\u00f3n del p\u00fablico, todo lo que ayude a poner en escena la conferencia, a que los que no estuvieron en ella, puedan imaginarla) \/ Datos varios (organizadores, hora de inicio, hora de finalizaci\u00f3n, presentadores, motivo de la conferencia, etc.) \/ Dichos (tomar nota de las cuestiones m\u00e1s salientes que se vayan planteando en la conferencia, as\u00ed como en el espacio posterior de preguntas y respuestas si lo hubiera).<\/p>\n<p>3) Seleccionar las cuestiones m\u00e1s relevantes de cada uno de los ejes.<\/p>\n<p>4) Redactar un texto noticioso para ser publicado en la <a href=\"http:\/\/www.mediosyenteros.org.ar\/home\/\">revista Medios y enteros<\/a>, de la Escuela de Comunicaci\u00f3n Social, UNR, a partir de <a href=\"https:\/\/blogs-fcpolit.unr.edu.ar\/programa\/2008\/03\/11\/reordenamientos-mabel-marro-y-amalia-dellamea\/\">reordenar la informaci\u00f3n cognitivamente<\/a>.<br \/>\nExtensi\u00f3n: entre 5 y 7 p\u00e1rrafos de 5 l\u00edneas cada uno. Fuente 11 o 12.<\/p>\n<p><strong>Fecha y modalidad de entrega<\/strong>: Llevar los puntos 2 y 3 en borrador a la clase del 19 de junio. El trabajo completo (incluido esos dos puntos) se entregar\u00e1 el lunes 25 de junio por correo electr\u00f3nico a ceciliareviglio@hotmail.com<\/p>\n","protected":false},"excerpt":{"rendered":"<p>Por Cecilia Reviglio Objetivos: -que los estudiantes experimenten una salida al campo. \u2013 que los estudiantes pongan en pr\u00e1ctica el registro de informaci\u00f3n a partir de cubrir un evento concreto. \u2013 que los estudiantes ensayen el reordenamiento cognitivo a partir de notas propias para la redacci\u00f3n de un texto noticioso.<\/p>\n","protected":false},"author":17,"featured_media":0,"comment_status":"open","ping_status":"open","sticky":false,"template":"","format":"standard","meta":{"footnotes":""},"categories":[5,45],"tags":[],"_links":{"self":[{"href":"https:\/\/redaccion1.fcpolit.unr.edu.ar\/comision-reviglio\/wp-json\/wp\/v2\/posts\/1375"}],"collection":[{"href":"https:\/\/redaccion1.fcpolit.unr.edu.ar\/comision-reviglio\/wp-json\/wp\/v2\/posts"}],"about":[{"href":"https:\/\/redaccion1.fcpolit.unr.edu.ar\/comision-reviglio\/wp-json\/wp\/v2\/types\/post"}],"author":[{"embeddable":true,"href":"https:\/\/redaccion1.fcpolit.unr.edu.ar\/comision-reviglio\/wp-json\/wp\/v2\/users\/17"}],"replies":[{"embeddable":true,"href":"https:\/\/redaccion1.fcpolit.unr.edu.ar\/comision-reviglio\/wp-json\/wp\/v2\/comments?post=1375"}],"version-history":[{"count":0,"href":"https:\/\/redaccion1.fcpolit.unr.edu.ar\/comision-reviglio\/wp-json\/wp\/v2\/posts\/1375\/revisions"}],"wp:attachment":[{"href":"https:\/\/redaccion1.fcpolit.unr.edu.ar\/comision-reviglio\/wp-json\/wp\/v2\/media?parent=1375"}],"wp:term":[{"taxonomy":"category","embeddable":true,"href":"https:\/\/redaccion1.fcpolit.unr.edu.ar\/comision-reviglio\/wp-json\/wp\/v2\/categories?post=1375"},{"taxonomy":"post_tag","embeddable":true,"href":"https:\/\/redaccion1.fcpolit.unr.edu.ar\/comision-reviglio\/wp-json\/wp\/v2\/tags?post=1375"}],"curies":[{"name":"wp","href":"https:\/\/api.w.org\/{rel}","templated":true}]}}