{"id":135,"date":"2008-05-05T10:07:50","date_gmt":"2008-05-05T10:07:50","guid":{"rendered":"http:\/\/fcpolit.unr.edu.ar\/blogs\/redaccion1-reviglio\/2008\/05\/05\/segundo-regalo-textual-el-mundo\/"},"modified":"2008-05-05T10:07:50","modified_gmt":"2008-05-05T10:07:50","slug":"segundo-regalo-textual-el-mundo","status":"publish","type":"post","link":"https:\/\/redaccion1.fcpolit.unr.edu.ar\/comision-reviglio\/2008\/05\/05\/segundo-regalo-textual-el-mundo\/","title":{"rendered":"Segundo regalo textual: &quot;El mundo&quot;"},"content":{"rendered":"<p><em>Regalo de Franco Motta<\/em><br \/>\n<img loading=\"lazy\" decoding=\"async\" alt=\"Galeano%20con%20diarios.jpg\" src=\"http:\/\/www.bdp.org.ar\/facultad\/catedras\/comsoc\/redaccion1\/reviglio\/Galeano%20con%20diarios.jpg\" width=\"135\" height=\"91\" \/><br \/>\n<em>de Eduardo Galeano<\/em><br \/>\n\u201cUn hombre del pueblo de Negu\u00e1, en la costa de Colombia, pudo subir al alto cielo.<br \/>\nA la vuelta, cont\u00f3. Dijo que hab\u00eda contemplado, desde all\u00e1 arriba, la vida humana. Y dijo que somos un mar de fueguitos.<\/p>\n<p><!--more--><br \/>\n-El mundo es eso \u2013revel\u00f3-. Un mont\u00f3n de gente, un mar de fueguitos.<br \/>\nCada persona brilla con luz propia entre todas las dem\u00e1s. No hay dos fuegos iguales. Hay fuegos grandes y fuegos chicos y fuegos de todos los colores. Hay gente de fuego sereno, que ni se entera del viento, y gente de fuego loco, que llena el aire de chispas. Algunos fuegos, fuegos bobos, no alumbran ni queman; pero otros arden la vida con tantas ganas que no se puede mirarlos sin parpadear, y quien se acerca, se enciende\u201d.<br \/>\n<em>publicado en \u201cEl libro de los Abrazos\u201d. Buenos Aires. Cat\u00e1logos Editora. 1989.<\/em><\/p>\n","protected":false},"excerpt":{"rendered":"<p>Regalo de Franco Motta de Eduardo Galeano \u201cUn hombre del pueblo de Negu\u00e1, en la costa de Colombia, pudo subir al alto cielo. A la vuelta, cont\u00f3. Dijo que hab\u00eda contemplado, desde all\u00e1 arriba, la vida humana. Y dijo que somos un mar de fueguitos.<\/p>\n","protected":false},"author":27,"featured_media":0,"comment_status":"open","ping_status":"closed","sticky":false,"template":"","format":"standard","meta":{"footnotes":""},"categories":[29],"tags":[],"_links":{"self":[{"href":"https:\/\/redaccion1.fcpolit.unr.edu.ar\/comision-reviglio\/wp-json\/wp\/v2\/posts\/135"}],"collection":[{"href":"https:\/\/redaccion1.fcpolit.unr.edu.ar\/comision-reviglio\/wp-json\/wp\/v2\/posts"}],"about":[{"href":"https:\/\/redaccion1.fcpolit.unr.edu.ar\/comision-reviglio\/wp-json\/wp\/v2\/types\/post"}],"author":[{"embeddable":true,"href":"https:\/\/redaccion1.fcpolit.unr.edu.ar\/comision-reviglio\/wp-json\/wp\/v2\/users\/27"}],"replies":[{"embeddable":true,"href":"https:\/\/redaccion1.fcpolit.unr.edu.ar\/comision-reviglio\/wp-json\/wp\/v2\/comments?post=135"}],"version-history":[{"count":0,"href":"https:\/\/redaccion1.fcpolit.unr.edu.ar\/comision-reviglio\/wp-json\/wp\/v2\/posts\/135\/revisions"}],"wp:attachment":[{"href":"https:\/\/redaccion1.fcpolit.unr.edu.ar\/comision-reviglio\/wp-json\/wp\/v2\/media?parent=135"}],"wp:term":[{"taxonomy":"category","embeddable":true,"href":"https:\/\/redaccion1.fcpolit.unr.edu.ar\/comision-reviglio\/wp-json\/wp\/v2\/categories?post=135"},{"taxonomy":"post_tag","embeddable":true,"href":"https:\/\/redaccion1.fcpolit.unr.edu.ar\/comision-reviglio\/wp-json\/wp\/v2\/tags?post=135"}],"curies":[{"name":"wp","href":"https:\/\/api.w.org\/{rel}","templated":true}]}}