{"id":133,"date":"2008-05-05T09:54:06","date_gmt":"2008-05-05T09:54:06","guid":{"rendered":"http:\/\/fcpolit.unr.edu.ar\/blogs\/redaccion1-reviglio\/2008\/05\/05\/resumen-clase-28-de-abril\/"},"modified":"2008-05-05T09:54:06","modified_gmt":"2008-05-05T09:54:06","slug":"resumen-clase-28-de-abril","status":"publish","type":"post","link":"https:\/\/redaccion1.fcpolit.unr.edu.ar\/comision-reviglio\/2008\/05\/05\/resumen-clase-28-de-abril\/","title":{"rendered":"Resumen clase 28 de abril"},"content":{"rendered":"<p><img loading=\"lazy\" decoding=\"async\" alt=\"Boque%20de%20hayas%20en%20oto%F1o.jpg\" src=\"http:\/\/www.bdp.org.ar\/facultad\/catedras\/comsoc\/redaccion1\/reviglio\/Boque%20de%20hayas%20en%20oto%F1o.jpg\" width=\"93\" height=\"132\" \/><br \/>\nCon este correo inauguraremos los res\u00famenes de las clases que la imposibilidad de publicar en el weblog nos ha retrasado. En su lugar y hasta que el problema se resuelva los haremos circular por correo electr\u00f3nico.<br \/>\nEn la clase de ayer (lunes 28 de abril), trabajamos sobre el texto base \u201cLa importancia de la etapa de la planificaci\u00f3n en la escritura\u201d y comenzamos a trabajar juntos en la planificaci\u00f3n del Trabajo pr\u00e1ctico N\u00aa 4: \u201cIngreso a la facultad\u201d. Realizamos entre todos la lluvia de ideas e intentamos organizar las ideas en un racimo. Luego, en grupos, los estudiantes continuaron trabajando en la organizaci\u00f3n de las ideas para luego, en forma individual redactar un texto con una extensi\u00f3n de entre 20 y 30 l\u00edneas, que se entregar\u00e1 como m\u00e1ximo el lunes 5 de mayo en clase o durante el transcurso de la semana por mail a la casilla de la profesora.<\/p>\n<p><!--more--><br \/>\nTambi\u00e9n realizamos el Taller de lectura N\u00aa 2 sobre la informaci\u00f3n nueva acerca del conflicto por la quema de pastizales en las islas del Delta del Paran\u00e1.<br \/>\nRetomamos el espacio de \u201cRegalos textuales\u201d. En esta oportunidad fue Franco quien nos regal\u00f3 el texto \u201cEl mundo\u201d del escritor uruguayo Eduardo Galeano.<br \/>\nLa clase pr\u00f3xima, Candela llevar\u00e1 un texto para regalar a la clase.<br \/>\nLa clase pr\u00f3xima avanzaremos sobre el tema de \u201cEstrategias de producci\u00f3n\u201d. Para ello, deber\u00e1n leer los siguientes materiales:<br \/>\nTexto Base 8: \u201cConcepto de Estrategia\u201d<br \/>\nTexto Fuente: \u201cEstrategias de pensamiento\u201d<br \/>\nTexto Base 9: \u201cEstrategia de producci\u00f3n\u201d<br \/>\nTexto Fuente: Estrategia de producci\u00f3n (Bern\u00e1rdez)<br \/>\nTexto base 10: \u201cEstrategias interactivas y pragm\u00e1ticas\u201d<br \/>\nTextos Fuentes: \u201cPragm\u00e1tica\u201d (Van Dijk); \u201cProposiciones\u201d (Van Dijk); Conferencias IX y XII (Austin)<br \/>\nTrabajos para entregar la clase pr\u00f3xima:<br \/>\nTrabajo pr\u00e1ctico N\u00aa 3: \u201cMusas\u201d<br \/>\nTrabajo pr\u00e1ctico N\u00aa 4: \u201cIngreso a la facultad\u201d (la consigna est\u00e1 en el listado de \u201cActividades\u201d de la Unidad 1<br \/>\nActividad 2: \u201cAudiencia\u201d. (Esta actividad no es para entregar, sino para corregir en clase. Para realizarla revisen el Texto Base 7 y sus fuente\u201d.<\/p>\n","protected":false},"excerpt":{"rendered":"<p>Con este correo inauguraremos los res\u00famenes de las clases que la imposibilidad de publicar en el weblog nos ha retrasado. En su lugar y hasta que el problema se resuelva los haremos circular por correo electr\u00f3nico. En la clase de ayer (lunes 28 de abril), trabajamos sobre el texto base \u201cLa importancia de la etapa [&hellip;]<\/p>\n","protected":false},"author":27,"featured_media":0,"comment_status":"open","ping_status":"closed","sticky":false,"template":"","format":"standard","meta":{"footnotes":""},"categories":[18],"tags":[],"_links":{"self":[{"href":"https:\/\/redaccion1.fcpolit.unr.edu.ar\/comision-reviglio\/wp-json\/wp\/v2\/posts\/133"}],"collection":[{"href":"https:\/\/redaccion1.fcpolit.unr.edu.ar\/comision-reviglio\/wp-json\/wp\/v2\/posts"}],"about":[{"href":"https:\/\/redaccion1.fcpolit.unr.edu.ar\/comision-reviglio\/wp-json\/wp\/v2\/types\/post"}],"author":[{"embeddable":true,"href":"https:\/\/redaccion1.fcpolit.unr.edu.ar\/comision-reviglio\/wp-json\/wp\/v2\/users\/27"}],"replies":[{"embeddable":true,"href":"https:\/\/redaccion1.fcpolit.unr.edu.ar\/comision-reviglio\/wp-json\/wp\/v2\/comments?post=133"}],"version-history":[{"count":0,"href":"https:\/\/redaccion1.fcpolit.unr.edu.ar\/comision-reviglio\/wp-json\/wp\/v2\/posts\/133\/revisions"}],"wp:attachment":[{"href":"https:\/\/redaccion1.fcpolit.unr.edu.ar\/comision-reviglio\/wp-json\/wp\/v2\/media?parent=133"}],"wp:term":[{"taxonomy":"category","embeddable":true,"href":"https:\/\/redaccion1.fcpolit.unr.edu.ar\/comision-reviglio\/wp-json\/wp\/v2\/categories?post=133"},{"taxonomy":"post_tag","embeddable":true,"href":"https:\/\/redaccion1.fcpolit.unr.edu.ar\/comision-reviglio\/wp-json\/wp\/v2\/tags?post=133"}],"curies":[{"name":"wp","href":"https:\/\/api.w.org\/{rel}","templated":true}]}}