{"id":130,"date":"2008-04-11T11:23:23","date_gmt":"2008-04-11T11:23:23","guid":{"rendered":"http:\/\/fcpolit.unr.edu.ar\/blogs\/redaccion1-reviglio\/2008\/04\/11\/bienvenidos\/"},"modified":"2008-04-11T11:23:23","modified_gmt":"2008-04-11T11:23:23","slug":"bienvenidos","status":"publish","type":"post","link":"https:\/\/redaccion1.fcpolit.unr.edu.ar\/comision-reviglio\/2008\/04\/11\/bienvenidos\/","title":{"rendered":"Bienvenidos"},"content":{"rendered":"<p><img loading=\"lazy\" decoding=\"async\" alt=\"mafalda%20con%20flor.jpg\" src=\"http:\/\/www.bdp.org.ar\/facultad\/catedras\/comsoc\/redaccion1\/reviglio\/mafalda%20con%20flor.jpg\" width=\"82\" height=\"98\" \/><br \/>\nEstamos comenzando el a\u00f1o\u2026 Un poco rezagados, tal vez, por motivos varios. Pero estamos comenzando y eso es lo que importa. Nos espera un a\u00f1o lleno de trabajo, de cosas nuevas para aprender juntos, de desaf\u00edos.<br \/>\nEste ser\u00e1 uno de nuestros medios de comunicaci\u00f3n fuera de los encuentros en clase. Para que realmente se convierta en una herramienta de comunicaci\u00f3n, ser\u00e1 necesario que todos nos lo apropiemos, que lo vayamos construyendo de a poco, colocando nuestra impronta.<\/p>\n<p><!--more--><br \/>\nPor lo pronto, la clase pr\u00f3xima comenzaremos a abordar los siguientes textos:<br \/>\n<a href=\"http:\/\/www.bdp.org.ar\/facultad\/catedras\/comsoc\/redaccion1\/unidades\/2003\/03\/dimension_compleja_de_la_escri.php\">Dimensi\u00f3n compleja de la escritura <\/a><br \/>\n<a href=\"http:\/\/www.bdp.org.ar\/facultad\/catedras\/comsoc\/redaccion1\/unidades\/2003\/03\/la_escritura_actividad_complej.php\">La escritura, actividad compleja <\/a><br \/>\n<a href=\"http:\/\/www.bdp.org.ar\/facultad\/catedras\/comsoc\/redaccion1\/unidades\/2003\/03\/no_todos_comprendemos_lo_mismo.php\">No todos comprendemos lo mismo<\/a><br \/>\n<a href=\"http:\/\/www.bdp.org.ar\/facultad\/catedras\/comsoc\/redaccion1\/unidades\/2003\/04\/aprendizajes_espontaneo_y_comp.php\"> Aprendizaje espont\u00e1neo y comprometido <\/a><br \/>\n<a href=\"http:\/\/www.bdp.org.ar\/facultad\/catedras\/comsoc\/redaccion1\/unidades\/2003\/04\/leer_como_un_escritor.php\">Leyendo como un escritor<\/a><br \/>\n<a href=\"http:\/\/www.bdp.org.ar\/facultad\/catedras\/comsoc\/redaccion1\/unidades\/2003\/04\/prosas_de_escritor_y_de_lector.php\">Las prosas de escritor y lector<\/a><a href=\"http:\/\/www.bdp.org.ar\/facultad\/catedras\/comsoc\/redaccion1\/unidades\/2003\/04\/diferencias_entre_oralidad_y_e.php\"> Diferencias entre oralidad y escritura <\/a>\u00bfQu\u00e9 es leer bien?<br \/>\nNos conoceremos personalmente el lunes 14 a las 15 hs en la sala de inform\u00e1tica de la facultad. \u00a1Hasta entonces!<\/p>\n","protected":false},"excerpt":{"rendered":"<p>Estamos comenzando el a\u00f1o\u2026 Un poco rezagados, tal vez, por motivos varios. Pero estamos comenzando y eso es lo que importa. Nos espera un a\u00f1o lleno de trabajo, de cosas nuevas para aprender juntos, de desaf\u00edos. Este ser\u00e1 uno de nuestros medios de comunicaci\u00f3n fuera de los encuentros en clase. Para que realmente se convierta [&hellip;]<\/p>\n","protected":false},"author":27,"featured_media":0,"comment_status":"open","ping_status":"closed","sticky":false,"template":"","format":"standard","meta":{"footnotes":""},"categories":[20],"tags":[],"_links":{"self":[{"href":"https:\/\/redaccion1.fcpolit.unr.edu.ar\/comision-reviglio\/wp-json\/wp\/v2\/posts\/130"}],"collection":[{"href":"https:\/\/redaccion1.fcpolit.unr.edu.ar\/comision-reviglio\/wp-json\/wp\/v2\/posts"}],"about":[{"href":"https:\/\/redaccion1.fcpolit.unr.edu.ar\/comision-reviglio\/wp-json\/wp\/v2\/types\/post"}],"author":[{"embeddable":true,"href":"https:\/\/redaccion1.fcpolit.unr.edu.ar\/comision-reviglio\/wp-json\/wp\/v2\/users\/27"}],"replies":[{"embeddable":true,"href":"https:\/\/redaccion1.fcpolit.unr.edu.ar\/comision-reviglio\/wp-json\/wp\/v2\/comments?post=130"}],"version-history":[{"count":0,"href":"https:\/\/redaccion1.fcpolit.unr.edu.ar\/comision-reviglio\/wp-json\/wp\/v2\/posts\/130\/revisions"}],"wp:attachment":[{"href":"https:\/\/redaccion1.fcpolit.unr.edu.ar\/comision-reviglio\/wp-json\/wp\/v2\/media?parent=130"}],"wp:term":[{"taxonomy":"category","embeddable":true,"href":"https:\/\/redaccion1.fcpolit.unr.edu.ar\/comision-reviglio\/wp-json\/wp\/v2\/categories?post=130"},{"taxonomy":"post_tag","embeddable":true,"href":"https:\/\/redaccion1.fcpolit.unr.edu.ar\/comision-reviglio\/wp-json\/wp\/v2\/tags?post=130"}],"curies":[{"name":"wp","href":"https:\/\/api.w.org\/{rel}","templated":true}]}}