{"id":1252,"date":"2017-06-07T21:49:52","date_gmt":"2017-06-07T21:49:52","guid":{"rendered":"http:\/\/fcpolit.unr.edu.ar\/blogs\/redaccion1-reviglio\/?p=1252"},"modified":"2017-06-07T21:49:52","modified_gmt":"2017-06-07T21:49:52","slug":"trabajo-practico-actos-de-habla-en-espacios-digitales","status":"publish","type":"post","link":"https:\/\/redaccion1.fcpolit.unr.edu.ar\/comision-reviglio\/2017\/06\/07\/trabajo-practico-actos-de-habla-en-espacios-digitales\/","title":{"rendered":"Trabajo Pr\u00e1ctico N\u00b07: Actos de habla en espacios digitales"},"content":{"rendered":"<p>El trabajo contempla los siguientes objetivos:<br \/>\n1.- Reconocer la manifestaci\u00f3n de los actos de habla en textos cuya circulaci\u00f3n se da en Internet.<br \/>\n2.- Analizar la realizaci\u00f3n de actos ilocutivos en intercambios discursivos medi\u00e1ticos.<br \/>\n3.- Observar la manifestaci\u00f3n de la interactividad en entornos digitales.<!--more--><\/p>\n<p><strong>Consignas:<br \/>\n1.- A partir de noticias en medios en l\u00ednea<\/strong><a href=\"https:\/\/blogs.fcpolit.unr.edu.ar\/redaccion1-reviglio\/files\/2017\/06\/sitios-digitales.jpg\"><img loading=\"lazy\" decoding=\"async\" src=\"https:\/\/blogs.fcpolit.unr.edu.ar\/redaccion1-reviglio\/files\/2017\/06\/sitios-digitales-300x205.jpg\" alt=\"\" width=\"300\" height=\"205\" class=\"alignleft size-medium wp-image-1253\" \/><\/a><\/p>\n<p>a) Leer la noticia <a href=\"http:\/\/www.lanacion.com.ar\/2028449-el-dia-de-lionel-messi-le-mando-un-mensaje-de-despedida-a-luis-enrique-y-lanzo-su-pagina-web\">El d\u00eda de Lionel Messi: le mand\u00f3 un mensaje de despedida a Luis Enrique y lanz\u00f3 su p\u00e1gina web<\/a> y relevar el macro acto del texto publicado por La Naci\u00f3n en su edici\u00f3n del 29 de mayo de 2017.<br \/>\nb) Relevar los actos de habla presentes en los primeros cinco comentarios (copiar los comentarios y consignar debajo de cada uno, el acto de habla que realizan)<br \/>\nc) A partir del <a href=\"https:\/\/registracion.lanacion.com.ar\/reglamento\">Reglamento para el uso de los espacios de participaci\u00f3n de \u201cLanacion.Digital\u201d<\/a>, reflexionar sobre el car\u00e1cter normativo de los actos de habla y redactar un peque\u00f1o informe en el que se d\u00e9 cuenta de c\u00f3mo estas condiciones son atendidas o transgredidas en la nota elegida para el trabajo. Para ello, puede ser \u00fatil volver sobre el texto de Van Dijk, <a href=\"https:\/\/blogs.fcpolit.unr.edu.ar\/programa\/2008\/06\/13\/el-discurso-como-interaccion-en-la-sociedad-teun-van-dijk\/\">El discurso como interacci\u00f3n en la sociedad<\/a>.<\/p>\n<p><strong>2.- A partir de textos en Redes sociales<\/strong><br \/>\n<a href=\"https:\/\/blogs.fcpolit.unr.edu.ar\/redaccion1-reviglio\/files\/2017\/06\/FB.jpg\"><img loading=\"lazy\" decoding=\"async\" src=\"https:\/\/blogs.fcpolit.unr.edu.ar\/redaccion1-reviglio\/files\/2017\/06\/FB-300x195.jpg\" alt=\"\" width=\"300\" height=\"195\" class=\"alignleft size-medium wp-image-1254\" \/><\/a><br \/>\na) Elegir dos posteos realizados en el grupo de FB de la comisi\u00f3n: Redaccion1-2017-C3 y copiarlos en el TP.<br \/>\nb) Relevar de cada uno el acto de habla global y micro actos si los hubiera.<br \/>\nc) Dentro del grupo (es decir, en la plataforma de FB), hacer un comentario en alguno de esos posteos. Indicar en el mismo comentario, entre par\u00e9ntesis, cu\u00e1l es el acto de habla realizado en el comentario. Copiar esto, tambi\u00e9n en el trabajo a entregar.<\/p>\n<p>Fecha de entrega: mi\u00e9rcoles 14 de junio por correo electr\u00f3nico a la direcci\u00f3n de la profesora: ceciliareviglio@hotmail.com<\/p>\n","protected":false},"excerpt":{"rendered":"<p>El trabajo contempla los siguientes objetivos: 1.- Reconocer la manifestaci\u00f3n de los actos de habla en textos cuya circulaci\u00f3n se da en Internet. 2.- Analizar la realizaci\u00f3n de actos ilocutivos en intercambios discursivos medi\u00e1ticos. 3.- Observar la manifestaci\u00f3n de la interactividad en entornos digitales.<\/p>\n","protected":false},"author":17,"featured_media":0,"comment_status":"open","ping_status":"open","sticky":false,"template":"","format":"standard","meta":{"footnotes":""},"categories":[4,44],"tags":[],"_links":{"self":[{"href":"https:\/\/redaccion1.fcpolit.unr.edu.ar\/comision-reviglio\/wp-json\/wp\/v2\/posts\/1252"}],"collection":[{"href":"https:\/\/redaccion1.fcpolit.unr.edu.ar\/comision-reviglio\/wp-json\/wp\/v2\/posts"}],"about":[{"href":"https:\/\/redaccion1.fcpolit.unr.edu.ar\/comision-reviglio\/wp-json\/wp\/v2\/types\/post"}],"author":[{"embeddable":true,"href":"https:\/\/redaccion1.fcpolit.unr.edu.ar\/comision-reviglio\/wp-json\/wp\/v2\/users\/17"}],"replies":[{"embeddable":true,"href":"https:\/\/redaccion1.fcpolit.unr.edu.ar\/comision-reviglio\/wp-json\/wp\/v2\/comments?post=1252"}],"version-history":[{"count":0,"href":"https:\/\/redaccion1.fcpolit.unr.edu.ar\/comision-reviglio\/wp-json\/wp\/v2\/posts\/1252\/revisions"}],"wp:attachment":[{"href":"https:\/\/redaccion1.fcpolit.unr.edu.ar\/comision-reviglio\/wp-json\/wp\/v2\/media?parent=1252"}],"wp:term":[{"taxonomy":"category","embeddable":true,"href":"https:\/\/redaccion1.fcpolit.unr.edu.ar\/comision-reviglio\/wp-json\/wp\/v2\/categories?post=1252"},{"taxonomy":"post_tag","embeddable":true,"href":"https:\/\/redaccion1.fcpolit.unr.edu.ar\/comision-reviglio\/wp-json\/wp\/v2\/tags?post=1252"}],"curies":[{"name":"wp","href":"https:\/\/api.w.org\/{rel}","templated":true}]}}