{"id":1209,"date":"2017-04-17T13:04:23","date_gmt":"2017-04-17T13:04:23","guid":{"rendered":"http:\/\/fcpolit.unr.edu.ar\/blogs\/redaccion1-reviglio\/?p=1209"},"modified":"2017-04-17T13:04:23","modified_gmt":"2017-04-17T13:04:23","slug":"para-la-clase-de-manana-3","status":"publish","type":"post","link":"https:\/\/redaccion1.fcpolit.unr.edu.ar\/comision-reviglio\/2017\/04\/17\/para-la-clase-de-manana-3\/","title":{"rendered":"Para la clase de ma\u00f1ana"},"content":{"rendered":"<p>Ma\u00f1ana seguiremos trabajando con los contenidos de Redacci\u00f3n 1.<br \/>\nPara eso, adem\u00e1s de la <a href=\"https:\/\/blogs.fcpolit.unr.edu.ar\/redaccion1-reviglio\/2017\/04\/04\/resumen-de-la-clase-del-3-de-abril-el-comienzo\/\">bibliograf\u00eda indicada en el resumen de la clase pasada<\/a>, trabajaremos sobre las noticias de la semana. Adem\u00e1s, abordaremos puntualmente una noticia cuyo enlace dejo a continuaci\u00f3n, para que lleven impresa.<br \/>\n<a href=\"http:\/\/www.lacapital.com.ar\/policiales\/los-presos-coronda-realizan-una-huelga-contra-la-limitacion-las-salidas-transitorias-n1378214.html\">http:\/\/www.lacapital.com.ar\/policiales\/los-presos-coronda-realizan-una-huelga-contra-la-limitacion-las-salidas-transitorias-n1378214.html<\/a><\/p>\n","protected":false},"excerpt":{"rendered":"<p>Ma\u00f1ana seguiremos trabajando con los contenidos de Redacci\u00f3n 1. Para eso, adem\u00e1s de la bibliograf\u00eda indicada en el resumen de la clase pasada, trabajaremos sobre las noticias de la semana. Adem\u00e1s, abordaremos puntualmente una noticia cuyo enlace dejo a continuaci\u00f3n, para que lleven impresa. http:\/\/www.lacapital.com.ar\/policiales\/los-presos-coronda-realizan-una-huelga-contra-la-limitacion-las-salidas-transitorias-n1378214.html<\/p>\n","protected":false},"author":17,"featured_media":0,"comment_status":"open","ping_status":"open","sticky":false,"template":"","format":"standard","meta":{"footnotes":""},"categories":[4,24],"tags":[],"_links":{"self":[{"href":"https:\/\/redaccion1.fcpolit.unr.edu.ar\/comision-reviglio\/wp-json\/wp\/v2\/posts\/1209"}],"collection":[{"href":"https:\/\/redaccion1.fcpolit.unr.edu.ar\/comision-reviglio\/wp-json\/wp\/v2\/posts"}],"about":[{"href":"https:\/\/redaccion1.fcpolit.unr.edu.ar\/comision-reviglio\/wp-json\/wp\/v2\/types\/post"}],"author":[{"embeddable":true,"href":"https:\/\/redaccion1.fcpolit.unr.edu.ar\/comision-reviglio\/wp-json\/wp\/v2\/users\/17"}],"replies":[{"embeddable":true,"href":"https:\/\/redaccion1.fcpolit.unr.edu.ar\/comision-reviglio\/wp-json\/wp\/v2\/comments?post=1209"}],"version-history":[{"count":0,"href":"https:\/\/redaccion1.fcpolit.unr.edu.ar\/comision-reviglio\/wp-json\/wp\/v2\/posts\/1209\/revisions"}],"wp:attachment":[{"href":"https:\/\/redaccion1.fcpolit.unr.edu.ar\/comision-reviglio\/wp-json\/wp\/v2\/media?parent=1209"}],"wp:term":[{"taxonomy":"category","embeddable":true,"href":"https:\/\/redaccion1.fcpolit.unr.edu.ar\/comision-reviglio\/wp-json\/wp\/v2\/categories?post=1209"},{"taxonomy":"post_tag","embeddable":true,"href":"https:\/\/redaccion1.fcpolit.unr.edu.ar\/comision-reviglio\/wp-json\/wp\/v2\/tags?post=1209"}],"curies":[{"name":"wp","href":"https:\/\/api.w.org\/{rel}","templated":true}]}}