{"id":117,"date":"2007-10-19T12:02:40","date_gmt":"2007-10-19T12:02:40","guid":{"rendered":"http:\/\/fcpolit.unr.edu.ar\/blogs\/redaccion1-reviglio\/2007\/10\/19\/la-semana-proxima\/"},"modified":"2007-10-19T12:02:40","modified_gmt":"2007-10-19T12:02:40","slug":"la-semana-proxima","status":"publish","type":"post","link":"https:\/\/redaccion1.fcpolit.unr.edu.ar\/comision-reviglio\/2007\/10\/19\/la-semana-proxima\/","title":{"rendered":"La semana pr\u00f3xima"},"content":{"rendered":"<p>La semana pr\u00f3xima durante los d\u00edsa martes, mi\u00e9rcoles y jueves se desarrollar\u00e1n paros de docentes universitarios, con lo cual no tendremos clases tampoco este martes.<br \/>\nDe todos modos, las fechas de entrega de los TP siguen siendo las mismas. Pueden enviarlos por correo electr\u00f3nico.<\/p>\n","protected":false},"excerpt":{"rendered":"<p>La semana pr\u00f3xima durante los d\u00edsa martes, mi\u00e9rcoles y jueves se desarrollar\u00e1n paros de docentes universitarios, con lo cual no tendremos clases tampoco este martes. De todos modos, las fechas de entrega de los TP siguen siendo las mismas. Pueden enviarlos por correo electr\u00f3nico.<\/p>\n","protected":false},"author":27,"featured_media":0,"comment_status":"open","ping_status":"closed","sticky":false,"template":"","format":"standard","meta":{"footnotes":""},"categories":[20],"tags":[],"_links":{"self":[{"href":"https:\/\/redaccion1.fcpolit.unr.edu.ar\/comision-reviglio\/wp-json\/wp\/v2\/posts\/117"}],"collection":[{"href":"https:\/\/redaccion1.fcpolit.unr.edu.ar\/comision-reviglio\/wp-json\/wp\/v2\/posts"}],"about":[{"href":"https:\/\/redaccion1.fcpolit.unr.edu.ar\/comision-reviglio\/wp-json\/wp\/v2\/types\/post"}],"author":[{"embeddable":true,"href":"https:\/\/redaccion1.fcpolit.unr.edu.ar\/comision-reviglio\/wp-json\/wp\/v2\/users\/27"}],"replies":[{"embeddable":true,"href":"https:\/\/redaccion1.fcpolit.unr.edu.ar\/comision-reviglio\/wp-json\/wp\/v2\/comments?post=117"}],"version-history":[{"count":0,"href":"https:\/\/redaccion1.fcpolit.unr.edu.ar\/comision-reviglio\/wp-json\/wp\/v2\/posts\/117\/revisions"}],"wp:attachment":[{"href":"https:\/\/redaccion1.fcpolit.unr.edu.ar\/comision-reviglio\/wp-json\/wp\/v2\/media?parent=117"}],"wp:term":[{"taxonomy":"category","embeddable":true,"href":"https:\/\/redaccion1.fcpolit.unr.edu.ar\/comision-reviglio\/wp-json\/wp\/v2\/categories?post=117"},{"taxonomy":"post_tag","embeddable":true,"href":"https:\/\/redaccion1.fcpolit.unr.edu.ar\/comision-reviglio\/wp-json\/wp\/v2\/tags?post=117"}],"curies":[{"name":"wp","href":"https:\/\/api.w.org\/{rel}","templated":true}]}}