{"id":1125,"date":"2016-07-06T00:52:36","date_gmt":"2016-07-06T00:52:36","guid":{"rendered":"http:\/\/fcpolit.unr.edu.ar\/blogs\/redaccion1-reviglio\/?p=1125"},"modified":"2016-07-06T00:52:36","modified_gmt":"2016-07-06T00:52:36","slug":"resumen-de-la-clase-del-5-de-julio","status":"publish","type":"post","link":"https:\/\/redaccion1.fcpolit.unr.edu.ar\/comision-reviglio\/2016\/07\/06\/resumen-de-la-clase-del-5-de-julio\/","title":{"rendered":"Resumen de la clase del 5 de julio"},"content":{"rendered":"<p>Dedicamos el principio de la clase para devolver los recuperatorios. Adem\u00e1s, se aclararon un par de dudas acerca de varios de los trabajos pr\u00e1cticos asignados anteriormente. En cuanto al \u00faltimo trabajo pr\u00e1ctico que hab\u00eda que hacer, hubo dudas en cuanto a los enunciados referidos. Recordamos que lo que se les pide es que diferencien el estilo de cada cita y que identifiquen su verbo de atribuci\u00f3n.<\/p>\n<p>Con el fin de recapitular lo dado en clase, Ceci volvi\u00f3 a exponer en el pizarr\u00f3n los distintos estilos y sus caracter\u00edsticas. Recuerden que el \u00fanico estilo que lleva dos puntos y comillas es el directo salvo claro que el verbo de atribuci\u00f3n este al final seguido de una coma.\u00a0Ya aclaradas todas las inquietudes, comenzamos con la unidad 5 cuya tem\u00e1tica principal es la entrevista.<\/p>\n<p>Para iniciar, trabajamos el concepto de entrevista seg\u00fan el texto de Jorge Halper\u00edn: <a href=\"https:\/\/blogs.fcpolit.unr.edu.ar\/programa\/2008\/03\/29\/la-entrevista-periodistica-jorge-halperin\/\">&#8220;La entrevista period\u00edstica&#8221;<\/a>. \u00c9l la clasifica como la m\u00e1s p\u00fablica de todas las conversaciones privadas. Si bien quienes la realizan tiene dos roles bien marcados, \u00e9l que pregunta y \u00e9l que responde, pueden darse interrupciones. Aclara que hay distintos tipos de entrevista seg\u00fan los objetivos que se planean alcanzar. Ellas pueden ser: de personaje, de declaraci\u00f3n, de divulgaci\u00f3n cient\u00edfica, informativas, testimoniales y las de las encuestas.<\/p>\n<p>Siguiendo \u00a0al autor citado, Ceci explic\u00f3 c\u00f3mo preparar una entrevista, es decir, las cuestiones que deben tenerse en cuenta antes de llevarla a cabo.Primero, hay que decidir a qui\u00e9n voy a entrevistar y porque motivos lo voy a hacer.Segundo, voy a definir qu\u00e9 es lo que quiero lograr con esa entrevista, esto es, los objetivos que \u00a0pretendo alcanzar. Tercero, construir como dice Halper\u00edn, una \u201cs\u00f3lida retaguardia\u201d que consiste en 10 preguntas que toquen 3 o 4 temas diferentes. Para ello, el entrevistador debe tener mucho conocimiento del personaje. Asimismo, lo que el entrevistador debe saber del personaje depende del tipo de entrevista que me proponga a desarrollar. Sea cual sea, es un hecho que cuanto m\u00e1s conozca acerca del entrevistado, m\u00e1s rica va a ser la entrevista.<\/p>\n<p>Luego, Ceci explic\u00f3 un poco acerca del \u201cdurante\u201d de la entrevista. Una vez llevada a cabo, debemos realizar la edici\u00f3n del material que conseguimos en el encuentro.\u00a0 Nuestro objetivo es crear un texto legible y comprensible sin tergiversar lo que dice el entrevistado.<\/p>\n<p>Llegado el final de la clase, Ceci ley\u00f3 en voz alta un par de entrevistas que rompen con el modo tradicional en el que se realizan normalmente.\u00a0 La primera que comparti\u00f3 fue \u00a0<a href=\"https:\/\/blogs.fcpolit.unr.edu.ar\/programa\/2016\/07\/03\/el-guardian-de-las-palabras\/\">\u201cEl guard\u00edan de las palabras\u201d <\/a>por Julia Comba y consiste en la descripci\u00f3n de la situaci\u00f3n de entrevista cara a cara pero con la particularidad de que el di\u00e1logo es v\u00eda e-mail.<\/p>\n<p>La segunda es de Juan Mascardi y se titula <a href=\"https:\/\/blogs.fcpolit.unr.edu.ar\/programa\/2016\/07\/03\/gisel-patroni-despues-de-la-tragedia-en-rosario-que-las-personas-vivan-intensamente-y-disfruten-de-cada-minuto\/\"><strong>\u201c<\/strong>Gisel Patroni, despu\u00e9s de la tragedia en Rosario: &#8220;Que las personas vivan intensamente y disfruten de cada minuto&#8221;<\/a>. Esta fue publicada en el diario <em>La Naci\u00f3n<\/em> y expone tal cual como fue llevada la entrevista mediante una conversaci\u00f3n en Facebook.<\/p>\n<p>Por \u00faltimo, \u00a0se asignaron nuevos trabajos pr\u00e1cticos dado que la pr\u00f3xima clase ser\u00e1 reci\u00e9n el martes 2 de agosto.<\/p>\n","protected":false},"excerpt":{"rendered":"<p>Dedicamos el principio de la clase para devolver los recuperatorios. Adem\u00e1s, se aclararon un par de dudas acerca de varios de los trabajos pr\u00e1cticos asignados anteriormente. En cuanto al \u00faltimo trabajo pr\u00e1ctico que hab\u00eda que hacer, hubo dudas en cuanto a los enunciados referidos. Recordamos que lo que se les pide es que diferencien el [&hellip;]<\/p>\n","protected":false},"author":29,"featured_media":0,"comment_status":"open","ping_status":"open","sticky":false,"template":"","format":"standard","meta":{"footnotes":""},"categories":[3],"tags":[48],"_links":{"self":[{"href":"https:\/\/redaccion1.fcpolit.unr.edu.ar\/comision-reviglio\/wp-json\/wp\/v2\/posts\/1125"}],"collection":[{"href":"https:\/\/redaccion1.fcpolit.unr.edu.ar\/comision-reviglio\/wp-json\/wp\/v2\/posts"}],"about":[{"href":"https:\/\/redaccion1.fcpolit.unr.edu.ar\/comision-reviglio\/wp-json\/wp\/v2\/types\/post"}],"author":[{"embeddable":true,"href":"https:\/\/redaccion1.fcpolit.unr.edu.ar\/comision-reviglio\/wp-json\/wp\/v2\/users\/29"}],"replies":[{"embeddable":true,"href":"https:\/\/redaccion1.fcpolit.unr.edu.ar\/comision-reviglio\/wp-json\/wp\/v2\/comments?post=1125"}],"version-history":[{"count":0,"href":"https:\/\/redaccion1.fcpolit.unr.edu.ar\/comision-reviglio\/wp-json\/wp\/v2\/posts\/1125\/revisions"}],"wp:attachment":[{"href":"https:\/\/redaccion1.fcpolit.unr.edu.ar\/comision-reviglio\/wp-json\/wp\/v2\/media?parent=1125"}],"wp:term":[{"taxonomy":"category","embeddable":true,"href":"https:\/\/redaccion1.fcpolit.unr.edu.ar\/comision-reviglio\/wp-json\/wp\/v2\/categories?post=1125"},{"taxonomy":"post_tag","embeddable":true,"href":"https:\/\/redaccion1.fcpolit.unr.edu.ar\/comision-reviglio\/wp-json\/wp\/v2\/tags?post=1125"}],"curies":[{"name":"wp","href":"https:\/\/api.w.org\/{rel}","templated":true}]}}