{"id":112,"date":"2007-10-09T08:46:00","date_gmt":"2007-10-09T08:46:00","guid":{"rendered":"http:\/\/fcpolit.unr.edu.ar\/blogs\/redaccion1-reviglio\/2007\/10\/09\/romancero-noticioso-ii\/"},"modified":"2007-10-09T08:46:00","modified_gmt":"2007-10-09T08:46:00","slug":"romancero-noticioso-ii","status":"publish","type":"post","link":"https:\/\/redaccion1.fcpolit.unr.edu.ar\/comision-reviglio\/2007\/10\/09\/romancero-noticioso-ii\/","title":{"rendered":"Romancero Noticioso II"},"content":{"rendered":"<p><img loading=\"lazy\" decoding=\"async\" alt=\"FGL_poster.jpg\" src=\"http:\/\/www.bdp.org.ar\/facultad\/catedras\/comsoc\/redaccion1\/reviglio\/FGL_poster.jpg\" width=\"111\" height=\"111\" \/><br \/>\nConsignas:<br \/>\n1.\tLe\u00e9  a continuaci\u00f3n el romance \u201cMuerte de Anto\u00f1ito el Camborio\u201d<br \/>\n2.\tRealiz\u00e1 un reordenamiento de la informaci\u00f3n y planific\u00e1 con ella  una noticia.<br \/>\n3.\tLe\u00e9 la Unidad 8 de la materia \u201cNoticia\u201d para tener m\u00e1s  elementos para la redacci\u00f3n de la noticia<br \/>\n4.\tRedact\u00e1 una noticia de 15 l\u00edneas. Agregale un cuerpo de titulares.<br \/>\nFecha de entrega: Jueves 18 de octubre<\/p>\n<p><!--more--><br \/>\n<strong>Muerte de Anto\u00f1ito el Camborio<\/strong><br \/>\n<em>A Jos\u00e9 Antonio Rubio Sacrist\u00e1n<\/em>.<br \/>\nVoces de muerte sonaron<br \/>\ncerca del Guadalquivir.<br \/>\nVoces antiguas que cercan<br \/>\nvoz de clavel varonil.<br \/>\nLes clav\u00f3 sobre las botas<br \/>\nmordiscos de jabal\u00ed.<br \/>\nEn la lucha daba saltos<br \/>\njabonados de delf\u00edn.<br \/>\nBa\u00f1\u00f3 con sangre enemiga<br \/>\nsu corbata carmes\u00ed<br \/>\nPero eran cuatro pu\u00f1ales<br \/>\ny tuvo que sucumbir.<br \/>\nCuando las estrellas clavan<br \/>\nrejones al agua gris,<br \/>\ncuando los erales sue\u00f1an<br \/>\nver\u00f3nicas de alel\u00ed,<br \/>\nvoces de muerte sonaron<br \/>\ncerca del Guadalquivir<br \/>\nAntonio Torres Heredia,<br \/>\nCamborio de dura crin,<br \/>\nmoreno de verde luna,<br \/>\nvoz de clavel varonil:<br \/>\n\u00bfQui\u00e9n te ha quitado la vida<br \/>\ncerca del Guadalquivir?<br \/>\nMis cuatro primos Heredias<br \/>\nhijos de Benamej\u00ed.<br \/>\nLo que en otros no envidiaban,<br \/>\nya lo envidiaban en m\u00ed.<br \/>\nZapatos color corinto,<br \/>\nmedallones de marfil,<br \/>\ny este cutis amasado<br \/>\ncon aceituna y jazm\u00edn.<br \/>\n\u00a1Ay Anto\u00f1ito el Camborio,<br \/>\ndigno de una Emperatriz!<br \/>\nAcu\u00e9rdate de la virgen<br \/>\nporque te vas a morir.<br \/>\n\u00a1Ay Federico Garc\u00eda,<br \/>\nllama a la Guardia Civil!<br \/>\nYa mi talle se ha quebrado<br \/>\ncomo ca\u00f1a de  ma\u00edz.<br \/>\nTres golpes de sangre tuvo<br \/>\ny se muri\u00f3 de perfil.<br \/>\nViva moneda que nunca<br \/>\nse volver\u00e1 a repetir.<br \/>\nUn \u00e1ngel marchoso pones<br \/>\nsu cabeza en un coj\u00edn.<br \/>\nOtros de rubor cansado,<br \/>\nencendieron un candil.<br \/>\nY cuando los cuatro primos<br \/>\nllegan a Benamej\u00ed,<br \/>\nvoces de muerte cesaron<br \/>\ncerca del Guadalquivir.<br \/>\n<em>Federico Garc\u00eda Lorca<br \/>\nRomancero Gitano<\/em><\/p>\n","protected":false},"excerpt":{"rendered":"<p>Consignas: 1. Le\u00e9 a continuaci\u00f3n el romance \u201cMuerte de Anto\u00f1ito el Camborio\u201d 2. Realiz\u00e1 un reordenamiento de la informaci\u00f3n y planific\u00e1 con ella una noticia. 3. Le\u00e9 la Unidad 8 de la materia \u201cNoticia\u201d para tener m\u00e1s elementos para la redacci\u00f3n de la noticia 4. Redact\u00e1 una noticia de 15 l\u00edneas. Agregale un cuerpo de [&hellip;]<\/p>\n","protected":false},"author":27,"featured_media":0,"comment_status":"open","ping_status":"closed","sticky":false,"template":"","format":"standard","meta":{"footnotes":""},"categories":[39],"tags":[],"_links":{"self":[{"href":"https:\/\/redaccion1.fcpolit.unr.edu.ar\/comision-reviglio\/wp-json\/wp\/v2\/posts\/112"}],"collection":[{"href":"https:\/\/redaccion1.fcpolit.unr.edu.ar\/comision-reviglio\/wp-json\/wp\/v2\/posts"}],"about":[{"href":"https:\/\/redaccion1.fcpolit.unr.edu.ar\/comision-reviglio\/wp-json\/wp\/v2\/types\/post"}],"author":[{"embeddable":true,"href":"https:\/\/redaccion1.fcpolit.unr.edu.ar\/comision-reviglio\/wp-json\/wp\/v2\/users\/27"}],"replies":[{"embeddable":true,"href":"https:\/\/redaccion1.fcpolit.unr.edu.ar\/comision-reviglio\/wp-json\/wp\/v2\/comments?post=112"}],"version-history":[{"count":0,"href":"https:\/\/redaccion1.fcpolit.unr.edu.ar\/comision-reviglio\/wp-json\/wp\/v2\/posts\/112\/revisions"}],"wp:attachment":[{"href":"https:\/\/redaccion1.fcpolit.unr.edu.ar\/comision-reviglio\/wp-json\/wp\/v2\/media?parent=112"}],"wp:term":[{"taxonomy":"category","embeddable":true,"href":"https:\/\/redaccion1.fcpolit.unr.edu.ar\/comision-reviglio\/wp-json\/wp\/v2\/categories?post=112"},{"taxonomy":"post_tag","embeddable":true,"href":"https:\/\/redaccion1.fcpolit.unr.edu.ar\/comision-reviglio\/wp-json\/wp\/v2\/tags?post=112"}],"curies":[{"name":"wp","href":"https:\/\/api.w.org\/{rel}","templated":true}]}}