{"id":1060,"date":"2016-04-05T17:46:59","date_gmt":"2016-04-05T17:46:59","guid":{"rendered":"http:\/\/fcpolit.unr.edu.ar\/blogs\/redaccion1-reviglio\/?p=1060"},"modified":"2016-04-05T17:46:59","modified_gmt":"2016-04-05T17:46:59","slug":"lecturas-para-la-clase-proxima-3","status":"publish","type":"post","link":"https:\/\/redaccion1.fcpolit.unr.edu.ar\/comision-reviglio\/2016\/04\/05\/lecturas-para-la-clase-proxima-3\/","title":{"rendered":"Lecturas para la clase pr\u00f3xima"},"content":{"rendered":"<p>La clase pr\u00f3xima abordaremos los temas que tratan los textos listados a continuaci\u00f3n:<!--more--><\/p>\n<p><a href=\"https:\/\/blogs.fcpolit.unr.edu.ar\/programa\/2003\/03\/31\/dimension-compleja-de-la-escritura-t-base-1\/\">Dimensi\u00f3n compleja de la escritura<\/a><br \/>\n<a href=\"https:\/\/blogs.fcpolit.unr.edu.ar\/programa\/2003\/04\/04\/aprendizajes-espontaneo-y-comprometido-t-base-2\/\">Aprendizaje espont\u00e1neo y aprenjdizaje comprometido<\/a><br \/>\n<a href=\"https:\/\/blogs.fcpolit.unr.edu.ar\/programa\/2003\/04\/05\/la-escritura-como-proceso-cognitivo-y-comunicativo-t-base-3\/\">La escritura como proceso cognitivo y comunicativo<\/a><\/p>\n<p>Les sugiero leer, adem\u00e1s, los enlaces presentes en cada uno de los textos indicados. <\/p>\n","protected":false},"excerpt":{"rendered":"<p>La clase pr\u00f3xima abordaremos los temas que tratan los textos listados a continuaci\u00f3n:<\/p>\n","protected":false},"author":17,"featured_media":0,"comment_status":"open","ping_status":"open","sticky":false,"template":"","format":"standard","meta":{"footnotes":""},"categories":[3,23],"tags":[],"_links":{"self":[{"href":"https:\/\/redaccion1.fcpolit.unr.edu.ar\/comision-reviglio\/wp-json\/wp\/v2\/posts\/1060"}],"collection":[{"href":"https:\/\/redaccion1.fcpolit.unr.edu.ar\/comision-reviglio\/wp-json\/wp\/v2\/posts"}],"about":[{"href":"https:\/\/redaccion1.fcpolit.unr.edu.ar\/comision-reviglio\/wp-json\/wp\/v2\/types\/post"}],"author":[{"embeddable":true,"href":"https:\/\/redaccion1.fcpolit.unr.edu.ar\/comision-reviglio\/wp-json\/wp\/v2\/users\/17"}],"replies":[{"embeddable":true,"href":"https:\/\/redaccion1.fcpolit.unr.edu.ar\/comision-reviglio\/wp-json\/wp\/v2\/comments?post=1060"}],"version-history":[{"count":0,"href":"https:\/\/redaccion1.fcpolit.unr.edu.ar\/comision-reviglio\/wp-json\/wp\/v2\/posts\/1060\/revisions"}],"wp:attachment":[{"href":"https:\/\/redaccion1.fcpolit.unr.edu.ar\/comision-reviglio\/wp-json\/wp\/v2\/media?parent=1060"}],"wp:term":[{"taxonomy":"category","embeddable":true,"href":"https:\/\/redaccion1.fcpolit.unr.edu.ar\/comision-reviglio\/wp-json\/wp\/v2\/categories?post=1060"},{"taxonomy":"post_tag","embeddable":true,"href":"https:\/\/redaccion1.fcpolit.unr.edu.ar\/comision-reviglio\/wp-json\/wp\/v2\/tags?post=1060"}],"curies":[{"name":"wp","href":"https:\/\/api.w.org\/{rel}","templated":true}]}}