{"id":1058,"date":"2016-04-05T17:41:48","date_gmt":"2016-04-05T17:41:48","guid":{"rendered":"http:\/\/fcpolit.unr.edu.ar\/blogs\/redaccion1-reviglio\/?p=1058"},"modified":"2016-04-05T17:41:48","modified_gmt":"2016-04-05T17:41:48","slug":"trabajo-practico-n-1-presentacion-2","status":"publish","type":"post","link":"https:\/\/redaccion1.fcpolit.unr.edu.ar\/comision-reviglio\/2016\/04\/05\/trabajo-practico-n-1-presentacion-2\/","title":{"rendered":"Trabajo pr\u00e1ctico N\u00b0 1: Presentaci\u00f3n"},"content":{"rendered":"<p>El objetivo de este trabajo es m\u00faltiple: conocerlos, conocer su escritura y hacerlos reflexionar sobre una de las dos tareas que m\u00e1s realizaremos durante el a\u00f1o: escribir (la otra es leer). <!--more--><\/p>\n<p><strong>Consignas:<\/strong><br \/>\nEscriban un texto destinado a los participantes de la comisi\u00f3n y a la comunidad de Redacci\u00f3n 1, en el que se presenten. Cuenten de d\u00f3nde vienen, qu\u00e9 les gusta hacer, por qu\u00e9 eligieron la carrera, qu\u00e9 esperan de la carrera, qu\u00e9 esperan de redacci\u00f3n, qu\u00e9 les gusta leer, si les gusta escribir.<\/p>\n<p>Extensi\u00f3n m\u00ednima: tres p\u00e1rrafos. Extensi\u00f3n m\u00e1xima: 5 p\u00e1rrafos.<\/p>\n<p>Fecha y modalidad de entrega: lunes 12 de abril por correo electr\u00f3nico, en el modo de archivo de Word adjunto a la casilla: ceciliareviglio@hotmail.com<\/p>\n<p>Les sugiero revisar las <a href=\"https:\/\/blogs.fcpolit.unr.edu.ar\/redaccion1-reviglio\/2016\/04\/05\/instrucciones-para-empezar-a-cursar-2\/\">instrucciones para empezar a cursar<\/a> antes de enviar el TP.<\/p>\n","protected":false},"excerpt":{"rendered":"<p>El objetivo de este trabajo es m\u00faltiple: conocerlos, conocer su escritura y hacerlos reflexionar sobre una de las dos tareas que m\u00e1s realizaremos durante el a\u00f1o: escribir (la otra es leer).<\/p>\n","protected":false},"author":17,"featured_media":0,"comment_status":"open","ping_status":"open","sticky":false,"template":"","format":"standard","meta":{"footnotes":""},"categories":[3,43],"tags":[],"_links":{"self":[{"href":"https:\/\/redaccion1.fcpolit.unr.edu.ar\/comision-reviglio\/wp-json\/wp\/v2\/posts\/1058"}],"collection":[{"href":"https:\/\/redaccion1.fcpolit.unr.edu.ar\/comision-reviglio\/wp-json\/wp\/v2\/posts"}],"about":[{"href":"https:\/\/redaccion1.fcpolit.unr.edu.ar\/comision-reviglio\/wp-json\/wp\/v2\/types\/post"}],"author":[{"embeddable":true,"href":"https:\/\/redaccion1.fcpolit.unr.edu.ar\/comision-reviglio\/wp-json\/wp\/v2\/users\/17"}],"replies":[{"embeddable":true,"href":"https:\/\/redaccion1.fcpolit.unr.edu.ar\/comision-reviglio\/wp-json\/wp\/v2\/comments?post=1058"}],"version-history":[{"count":0,"href":"https:\/\/redaccion1.fcpolit.unr.edu.ar\/comision-reviglio\/wp-json\/wp\/v2\/posts\/1058\/revisions"}],"wp:attachment":[{"href":"https:\/\/redaccion1.fcpolit.unr.edu.ar\/comision-reviglio\/wp-json\/wp\/v2\/media?parent=1058"}],"wp:term":[{"taxonomy":"category","embeddable":true,"href":"https:\/\/redaccion1.fcpolit.unr.edu.ar\/comision-reviglio\/wp-json\/wp\/v2\/categories?post=1058"},{"taxonomy":"post_tag","embeddable":true,"href":"https:\/\/redaccion1.fcpolit.unr.edu.ar\/comision-reviglio\/wp-json\/wp\/v2\/tags?post=1058"}],"curies":[{"name":"wp","href":"https:\/\/api.w.org\/{rel}","templated":true}]}}