{"id":104,"date":"2007-09-12T08:37:45","date_gmt":"2007-09-12T08:37:45","guid":{"rendered":"http:\/\/fcpolit.unr.edu.ar\/blogs\/redaccion1-reviglio\/2007\/09\/12\/clase-del-11-de-septiembre\/"},"modified":"2007-09-12T08:37:45","modified_gmt":"2007-09-12T08:37:45","slug":"clase-del-11-de-septiembre","status":"publish","type":"post","link":"https:\/\/redaccion1.fcpolit.unr.edu.ar\/comision-reviglio\/2007\/09\/12\/clase-del-11-de-septiembre\/","title":{"rendered":"Clase del 11 de septiembre"},"content":{"rendered":"<p><img loading=\"lazy\" decoding=\"async\" alt=\"Nwe%20york%20torres%20garcia.jpg\" src=\"http:\/\/www.bdp.org.ar\/facultad\/catedras\/comsoc\/redaccion1\/reviglio\/Nwe%20york%20torres%20garcia.jpg\" width=\"99\" height=\"124\" \/><br \/>\nPor Julieta Peliqu\u00edn<br \/>\nCecilia dio comienzo a la clase explic\u00e1ndonos sobre los distintos tipos de entrevistas: entrevista period\u00edstica, antropol\u00f3gica, m\u00e9dica, judicial, psicoanal\u00edtica, etc.<br \/>\nSumado a esto nos coment\u00f3 las diferencias que tienen entre s\u00ed, y su rango com\u00fan: las tres son una pr\u00e1ctica de la conversaci\u00f3n en un espacio p\u00fablico, en donde se establece un di\u00e1logo entre el entrevistador y entrevistado en el marco de un acuerdo de cooperaci\u00f3n.<\/p>\n<p><!--more--><br \/>\nEn la entrevista, el centro de la escena siempre est\u00e1 en el entrevistado.<br \/>\nCerrando la exposici\u00f3n te\u00f3rica, Cecilia coment\u00f3 sobre la preparaci\u00f3n de la entrevista.<br \/>\nPara el martes siguiente al parcial ( es decir, el 25\/9) debemos realizar el <a href=\"http:\/\/www.bdp.org.ar\/facultad\/catedras\/comsoc\/redaccion1\/unidades\/2005\/06\/transformaciones_1.php\">Trabajo Pr\u00e1ctico N\u00b015 llamado  \u201cTransformaciones\u201d<\/a>, en relaci\u00f3n a lo dado en clase. Las consignas del trabajo se encuentran desarrolladas en la p\u00e1gina.<br \/>\n<strong>RECUERDEN:<\/strong><br \/>\nTRABAJO FINAL: ir pensando ideas para present\u00e1rselas a Cecilia.<br \/>\nPARCIAL: El mismo ser\u00e1 el pr\u00f3ximo martes. Se evaluar\u00e1n los temas de la Unidad 4 y, de la Unidad 5, solamente los textos referidos a \u201cEntrevista\u201d.<br \/>\nSe realizar\u00e1 de 14 a 16 hs, as\u00ed que aconsejo ponerse las pilas y \u00a1empezar a estudiar!<br \/>\nTengan mucha suerte.<br \/>\n\u00a1Buen fin de semana!<br \/>\nSaludos<\/p>\n","protected":false},"excerpt":{"rendered":"<p>Por Julieta Peliqu\u00edn Cecilia dio comienzo a la clase explic\u00e1ndonos sobre los distintos tipos de entrevistas: entrevista period\u00edstica, antropol\u00f3gica, m\u00e9dica, judicial, psicoanal\u00edtica, etc. Sumado a esto nos coment\u00f3 las diferencias que tienen entre s\u00ed, y su rango com\u00fan: las tres son una pr\u00e1ctica de la conversaci\u00f3n en un espacio p\u00fablico, en donde se establece un [&hellip;]<\/p>\n","protected":false},"author":27,"featured_media":0,"comment_status":"open","ping_status":"closed","sticky":false,"template":"","format":"standard","meta":{"footnotes":""},"categories":[18],"tags":[],"_links":{"self":[{"href":"https:\/\/redaccion1.fcpolit.unr.edu.ar\/comision-reviglio\/wp-json\/wp\/v2\/posts\/104"}],"collection":[{"href":"https:\/\/redaccion1.fcpolit.unr.edu.ar\/comision-reviglio\/wp-json\/wp\/v2\/posts"}],"about":[{"href":"https:\/\/redaccion1.fcpolit.unr.edu.ar\/comision-reviglio\/wp-json\/wp\/v2\/types\/post"}],"author":[{"embeddable":true,"href":"https:\/\/redaccion1.fcpolit.unr.edu.ar\/comision-reviglio\/wp-json\/wp\/v2\/users\/27"}],"replies":[{"embeddable":true,"href":"https:\/\/redaccion1.fcpolit.unr.edu.ar\/comision-reviglio\/wp-json\/wp\/v2\/comments?post=104"}],"version-history":[{"count":0,"href":"https:\/\/redaccion1.fcpolit.unr.edu.ar\/comision-reviglio\/wp-json\/wp\/v2\/posts\/104\/revisions"}],"wp:attachment":[{"href":"https:\/\/redaccion1.fcpolit.unr.edu.ar\/comision-reviglio\/wp-json\/wp\/v2\/media?parent=104"}],"wp:term":[{"taxonomy":"category","embeddable":true,"href":"https:\/\/redaccion1.fcpolit.unr.edu.ar\/comision-reviglio\/wp-json\/wp\/v2\/categories?post=104"},{"taxonomy":"post_tag","embeddable":true,"href":"https:\/\/redaccion1.fcpolit.unr.edu.ar\/comision-reviglio\/wp-json\/wp\/v2\/tags?post=104"}],"curies":[{"name":"wp","href":"https:\/\/api.w.org\/{rel}","templated":true}]}}