{"id":103,"date":"2007-09-09T21:30:22","date_gmt":"2007-09-09T21:30:22","guid":{"rendered":"http:\/\/fcpolit.unr.edu.ar\/blogs\/redaccion1-reviglio\/2007\/09\/09\/sobre-los-periodicos-digitales-como-son-y-que-hacen-los-lectores-con-ellos\/"},"modified":"2007-09-09T21:30:22","modified_gmt":"2007-09-09T21:30:22","slug":"sobre-los-periodicos-digitales-como-son-y-que-hacen-los-lectores-con-ellos","status":"publish","type":"post","link":"https:\/\/redaccion1.fcpolit.unr.edu.ar\/comision-reviglio\/2007\/09\/09\/sobre-los-periodicos-digitales-como-son-y-que-hacen-los-lectores-con-ellos\/","title":{"rendered":"Sobre los peri\u00f3dicos digitales: C\u00f3mo son y qu\u00e9 hacen los lectores con ellos."},"content":{"rendered":"<p>Nuestras compa\u00f1eras Emilia y Virginia redactaron un texto acerca de los usos que los lectores hacen de los peri\u00f3dicos digitales con fuentes y reflexiones muy interesantes, atinadas y pertinentes para seguir pensando los nuevos formatos de textos que nos presenta la pantalla como soporte material de los textos.<br \/>\nQue lo disfruten.<br \/>\n<em>Por Ma. Emilia Sachini y Virginia Casagrande. <\/em><br \/>\nEl lector asiduo del diario que no se encuentre resentido por el avance que han hecho las versiones digitales de los peri\u00f3dicos sobre las versiones impresas seguramente abre diferentes portales de noticias al menos una vez al d\u00eda.<\/p>\n<p><!--more--><br \/>\nDe la misma forma es probable que aquellos que no compran el diario o que ni siquiera se detienen ante un puesto de venta de diarios para observar los diferentes titulares del d\u00eda que informan sobre los acontecimientos del mundo se sientan m\u00e1s que tentados a chequear los portales de los diarios m\u00e1s prestigiosos mediante Internet para enterarse lo que sucede d\u00eda a d\u00eda.<br \/>\nUn diario hoy por hoy no puede competir con otros si no es part\u00edcipe de la maquinaria que se dedica a producir m\u00e1s noticias por segundo de las que jam\u00e1s podr\u00edamos llegar a leer en todas nuestras vidas.<br \/>\nHoy no alcanza con informar al lector. El dise\u00f1ador de portales Mario Garc\u00eda en una entrevista hecha por La Naci\u00f3n el d\u00eda del periodista afirm\u00f3: \u201cQuienes practican el oficio de informar est\u00e1n obligados a aprender, a no repetirse y a innovar con todas las posibilidades de la tecnolog\u00eda digital. Al futuro no vamos a llegar s\u00f3lo mejorando los diarios. Tenemos que hacer un periodismo \u00fatil y atractivo para las nuevas audiencias, no importa si empleamos el celular, las rotativas, la TV o las ediciones online\u201d. Garc\u00eda no podr\u00eda tener m\u00e1s raz\u00f3n.<br \/>\nLa Internet cambi\u00f3 la forma en que se relacionan los diarios con sus lectores, los acerc\u00f3 y oblig\u00f3 a los peri\u00f3dicos a que informen cada vez con mayor rapidez, con mayor  precisi\u00f3n y con una mayor cantidad de apoyos visuales y estil\u00edsticos. Esto gener\u00f3 que  los diarios consideraran con mayor cuidado el dise\u00f1o de sus versiones digitales.<br \/>\nEsto caus\u00f3 un impacto en c\u00f3mo son presentados los titulares.<br \/>\nGarc\u00eda Media \u00ae, empresa perteneciente al argentino Mario Garc\u00eda que redise\u00f1o m\u00e1s de 450 peri\u00f3dicos entre ellos The Wall Street Journal, en la secci\u00f3n de su <a href=\"http:\/\/www.garcia-media.com.ar\/11periodicos.htm\">sitio web <\/a>de dedicada a los peri\u00f3dicos  dice: \u201cUn peri\u00f3dico es una forma de ver el mundo. El dise\u00f1o debe reforzar el mayor el mayor activo que tiene una publicaci\u00f3n impresa: la credibilidad. La informaci\u00f3n hace al dise\u00f1o. Garc\u00eda Media \u00ae va m\u00e1s all\u00e1 de la mera reformulaci\u00f3n est\u00e9tica: ayuda a sus clientes a repensar sus diarios.<br \/>\nY Garc\u00eda tiene toda la raz\u00f3n. Una reformulaci\u00f3n est\u00e9tica no es solamente una eso. Es un factor que puede influir en la decisi\u00f3n del lector de que portal abrir\u00e1 cuando se siente frente al monitor. De la misma forma lo har\u00e1n el ordenamiento de la informaci\u00f3n, los apoyos visuales o la posibilidad de ofrecer m\u00e1s: ya sea fotograf\u00edas, videos o comentarios de otros lectores.<br \/>\nEn todo portal bien dise\u00f1ado hay titulares que se destacan, im\u00e1genes de videos congelados, links a blogs de todo tipo e incluso hasta rankings de las noticias m\u00e1s le\u00eddas, de las m\u00e1s comentadas, de las m\u00e1s enviadas.<br \/>\nLa mayor\u00eda de los sitios web dedicados a las noticias tienen en el margen superior a la izquierda el logotipo que los identifica e inmediatamente abajo los enlaces a las diferentes secciones y tambi\u00e9n a la edici\u00f3n impresa del peri\u00f3dico. Estas versiones digitales del diario papel, por lo general, contienen, en forma clara y ordenada los titulares de todas las secciones asemej\u00e1ndose casi a la perfecci\u00f3n la prolijidad del diario impreso.<br \/>\nNo se pueden comparar en lo m\u00e1s m\u00ednimo las llamativas y coloridas p\u00e1ginas de las versiones digitales llenas de diferentes tipograf\u00edas y tama\u00f1os de letra, de fotograf\u00edas y videos. All\u00ed todo est\u00e1 al alcance de un clic, el lector se ve obligado a elegir que ver primero.<br \/>\nEst\u00e1 comprobado por un estudio llevado a cabo por el Poynter Institute (definido a si mismo como \u201cuna escuela para periodistas, futuros periodistas y docentes de periodismo\u201d)  que hay dos tipos de lectores: los &#8220;met\u00f3dicos&#8221; y los &#8220;radares&#8221;. Se plantea que los met\u00f3dicos siguen un recorrido ordenado a medida que pasan las p\u00e1ginas; mientras que los segundos se dejan tentar por cualquier elemento que llame la atenci\u00f3n, una foto, infograf\u00eda o cierta palabra en un t\u00edtulo.<br \/>\nEl mismo estudio precis\u00f3 que el lector de la edici\u00f3n online lee las notas con menos interrupciones debido a que una vez que puso el texto en pantalla encuentra menos elementos gr\u00e1ficos que lo distraigan.<br \/>\nTambi\u00e9n se comprob\u00f3 que las audiencias aprecian m\u00e1s los art\u00edculos y comentarios en los cuales ellos tambi\u00e9n tienen la posibilidad de opinar. Los editoriales y los art\u00edculos de opini\u00f3n no s\u00f3lo expresan la posici\u00f3n de un solo individuo sobre un tema, ahora tambi\u00e9n abren debates que se pueden \u201cleer\u201d tan s\u00f3lo con un movimiento de la barra de desplazamiento.<br \/>\nSe encuentran lejos los d\u00edas en los cuales nuestros abuelos se sentaban a leer los diarios religiosamente y recorr\u00edan todos los titulares de la p\u00e1gina principal disfrutando del diario desde el principio hasta el final.<br \/>\nAs\u00ed como el formato tabloide revolucion\u00f3 el dise\u00f1o s\u00e1bana en las versiones impresas ya hace a\u00f1os, el formato digital cambi\u00f3 mucho m\u00e1s que la presentaci\u00f3n: cambi\u00f3 a la audiencia,  la forma en que esta interact\u00faa con su proveedor de informaci\u00f3n, la manera de trabajar de los periodistas que se ven obligados a crecer todo el tiempo.<br \/>\nUn simple soporte material o mejor dicho virtual logr\u00f3 mucho, mucho m\u00e1s de lo que los expertos hubiesen previsto\u2026.queda por preguntarse: \u00bfCu\u00e1l ser\u00e1 la nueva novedad que pueda cambiar una vez m\u00e1s no solamente al formato de contenido sino tambi\u00e9n al periodismo en s\u00ed?<\/p>\n","protected":false},"excerpt":{"rendered":"<p>Nuestras compa\u00f1eras Emilia y Virginia redactaron un texto acerca de los usos que los lectores hacen de los peri\u00f3dicos digitales con fuentes y reflexiones muy interesantes, atinadas y pertinentes para seguir pensando los nuevos formatos de textos que nos presenta la pantalla como soporte material de los textos. Que lo disfruten. Por Ma. Emilia Sachini [&hellip;]<\/p>\n","protected":false},"author":27,"featured_media":0,"comment_status":"open","ping_status":"closed","sticky":false,"template":"","format":"standard","meta":{"footnotes":""},"categories":[38],"tags":[],"_links":{"self":[{"href":"https:\/\/redaccion1.fcpolit.unr.edu.ar\/comision-reviglio\/wp-json\/wp\/v2\/posts\/103"}],"collection":[{"href":"https:\/\/redaccion1.fcpolit.unr.edu.ar\/comision-reviglio\/wp-json\/wp\/v2\/posts"}],"about":[{"href":"https:\/\/redaccion1.fcpolit.unr.edu.ar\/comision-reviglio\/wp-json\/wp\/v2\/types\/post"}],"author":[{"embeddable":true,"href":"https:\/\/redaccion1.fcpolit.unr.edu.ar\/comision-reviglio\/wp-json\/wp\/v2\/users\/27"}],"replies":[{"embeddable":true,"href":"https:\/\/redaccion1.fcpolit.unr.edu.ar\/comision-reviglio\/wp-json\/wp\/v2\/comments?post=103"}],"version-history":[{"count":0,"href":"https:\/\/redaccion1.fcpolit.unr.edu.ar\/comision-reviglio\/wp-json\/wp\/v2\/posts\/103\/revisions"}],"wp:attachment":[{"href":"https:\/\/redaccion1.fcpolit.unr.edu.ar\/comision-reviglio\/wp-json\/wp\/v2\/media?parent=103"}],"wp:term":[{"taxonomy":"category","embeddable":true,"href":"https:\/\/redaccion1.fcpolit.unr.edu.ar\/comision-reviglio\/wp-json\/wp\/v2\/categories?post=103"},{"taxonomy":"post_tag","embeddable":true,"href":"https:\/\/redaccion1.fcpolit.unr.edu.ar\/comision-reviglio\/wp-json\/wp\/v2\/tags?post=103"}],"curies":[{"name":"wp","href":"https:\/\/api.w.org\/{rel}","templated":true}]}}