{"id":99,"date":"2009-06-08T17:22:35","date_gmt":"2009-06-08T17:22:35","guid":{"rendered":"http:\/\/fcpolit.unr.edu.ar\/blogs\/redaccion1-mayol\/2009\/06\/08\/encuesta-diarios-digitales\/"},"modified":"2009-06-08T17:22:35","modified_gmt":"2009-06-08T17:22:35","slug":"encuesta-diarios-digitales","status":"publish","type":"post","link":"https:\/\/redaccion1.fcpolit.unr.edu.ar\/comision-mayol\/2009\/06\/08\/encuesta-diarios-digitales\/","title":{"rendered":"Encuesta Diarios Digitales"},"content":{"rendered":"<p><img loading=\"lazy\" decoding=\"async\" alt=\"Wassily%20Kandinsky_Duro%20y%20blando_1927.jpg\" src=\"http:\/\/www.bdp.org.ar\/facultad\/catedras\/comsoc\/redaccion1\/mayol\/Wassily%20Kandinsky_Duro%20y%20blando_1927.jpg\" width=\"400\" height=\"280\" \/><br \/>\n<em>Wassily Kandinsky, &#8220;Duro y blando&#8221;, 1927<\/em><br \/>\nEl <strong>Trabajo Pr\u00e1ctico 11: Diarios Digitales<\/strong> tienen tiempo para enviarlo hasta el 22 de junio.<\/p>\n<p><!--more--><br \/>\nDurante las pr\u00f3ximas dos semanas tienen que leer y realizar una b\u00fasqueda por diarios y portales de noticias de Internet, nacionales e internacionales, y, luego, responder las preguntas del cuestionario.<br \/>\nLa resoluci\u00f3n de la encuesta debe ser cumplimentada del modo m\u00e1s completo posible.<\/p>\n<blockquote><p><strong><u>Trabajo Pr\u00e1ctico 11<\/u>: Diarios Digitales<\/strong><br \/>\n1) \u00bfLe\u00e9s alguna vez diarios en internet o portales del noticias? \u00bfCon qu\u00e9 frecuencia?<br \/>\n2) \u00bfLe\u00e9s tambi\u00e9n diarios impresos? \u00bfLo hac\u00e9s con mayor o menor frecuencia que los medios digitales?<br \/>\n3) \u00bfCu\u00e1l o cu\u00e1les son tus objetivos de lectura de peri\u00f3dicos digitales?<br \/>\na) informarme<br \/>\nb) actualizar la informaci\u00f3n que le\u00ed a la ma\u00f1ana en medios impresos<br \/>\nc) comparar los diferentes contenidos que aparecen en cada sitio<br \/>\nd) complementar informaci\u00f3n<br \/>\ne) otros (especificar)<br \/>\n4) \u00bfCu\u00e1les son los portales de noticias que m\u00e1s visit\u00e1s?<br \/>\n5) \u00bfC\u00f3mo orden\u00e1s la lectura en la p\u00e1gina? \u00bfQu\u00e9 es lo que le\u00e9s primero?<br \/>\n6) \u00bfRealiz\u00e1s una recorrida por todos los t\u00edtulos primero y luego ingres\u00e1s a los que te interesan o directamente vas ingresando a medida que vas descubriendo t\u00edtulos que te llaman la atenci\u00f3n?<br \/>\n7) \u00bfQu\u00e9 elementos de los portales hacen que una p\u00e1gina sea m\u00e1s amigable para vos, es decir que te motive a recorrerla?<br \/>\n8) \u00bfQu\u00e9 elementos te aburren o te desmotivan en una p\u00e1gina de noticias?<br \/>\n9) \u00bfQu\u00e9 diferencias encontr\u00e1s en tu modo de leer un diario impreso y un diario digital?<br \/>\n10) Enumer\u00e1 las ventajas que cre\u00e9s que tiene un diario digital por sobre un diario impreso.<br \/>\n11) Enumer\u00e1 las desventajas que cre\u00e9s que tiene un diario digital por sobre un diario impreso.<br \/>\n12) Indic\u00e1 el nombre y el link de los diarios visitados.<\/p><\/blockquote>\n","protected":false},"excerpt":{"rendered":"<p>Wassily Kandinsky, &#8220;Duro y blando&#8221;, 1927 El Trabajo Pr\u00e1ctico 11: Diarios Digitales tienen tiempo para enviarlo hasta el 22 de junio.<\/p>\n","protected":false},"author":6,"featured_media":0,"comment_status":"open","ping_status":"closed","sticky":false,"template":"","format":"standard","meta":{"footnotes":""},"categories":[10],"tags":[],"_links":{"self":[{"href":"https:\/\/redaccion1.fcpolit.unr.edu.ar\/comision-mayol\/wp-json\/wp\/v2\/posts\/99"}],"collection":[{"href":"https:\/\/redaccion1.fcpolit.unr.edu.ar\/comision-mayol\/wp-json\/wp\/v2\/posts"}],"about":[{"href":"https:\/\/redaccion1.fcpolit.unr.edu.ar\/comision-mayol\/wp-json\/wp\/v2\/types\/post"}],"author":[{"embeddable":true,"href":"https:\/\/redaccion1.fcpolit.unr.edu.ar\/comision-mayol\/wp-json\/wp\/v2\/users\/6"}],"replies":[{"embeddable":true,"href":"https:\/\/redaccion1.fcpolit.unr.edu.ar\/comision-mayol\/wp-json\/wp\/v2\/comments?post=99"}],"version-history":[{"count":0,"href":"https:\/\/redaccion1.fcpolit.unr.edu.ar\/comision-mayol\/wp-json\/wp\/v2\/posts\/99\/revisions"}],"wp:attachment":[{"href":"https:\/\/redaccion1.fcpolit.unr.edu.ar\/comision-mayol\/wp-json\/wp\/v2\/media?parent=99"}],"wp:term":[{"taxonomy":"category","embeddable":true,"href":"https:\/\/redaccion1.fcpolit.unr.edu.ar\/comision-mayol\/wp-json\/wp\/v2\/categories?post=99"},{"taxonomy":"post_tag","embeddable":true,"href":"https:\/\/redaccion1.fcpolit.unr.edu.ar\/comision-mayol\/wp-json\/wp\/v2\/tags?post=99"}],"curies":[{"name":"wp","href":"https:\/\/api.w.org\/{rel}","templated":true}]}}