{"id":945,"date":"2015-05-12T13:40:07","date_gmt":"2015-05-12T13:40:07","guid":{"rendered":"http:\/\/fcpolit.unr.edu.ar\/blogs\/redaccion1-mayol\/?p=945"},"modified":"2015-05-12T13:40:07","modified_gmt":"2015-05-12T13:40:07","slug":"los-actos-de-los-diarios","status":"publish","type":"post","link":"https:\/\/redaccion1.fcpolit.unr.edu.ar\/comision-mayol\/2015\/05\/12\/los-actos-de-los-diarios\/","title":{"rendered":"Los actos de los diarios"},"content":{"rendered":"<p><strong>TRABAJO PR\u00c1CTICO\u00a0 (<\/strong><strong>M. MAYOL)<\/strong><\/p>\n<p><!--more--><\/p>\n<p><strong>Objetivos:<\/strong><br \/>\n&#8211; Diferenciar entre actos de habla y enunciados periodisticos<br \/>\n&#8211; Reconocer estructura y contenido ideologico en la construcci\u00f3n de las noticias.<br \/>\n&#8211; Reflexionar sobre las audiencias de los diarios<br \/>\n&#8211; Realizar una lectura cr\u00edtica de las noticias de los diarios<\/p>\n<p><strong>Temas relacionados por unidades:<\/strong><\/p>\n<p>Unidad 1: <a href=\"https:\/\/blogs.fcpolit.unr.edu.ar\/programa\/2007\/05\/18\/estrategias-interactivas-y-pragmaticas-t-base-10\/\" target=\"_blank\" rel=\"noopener\">Estrategias interactivas y pragm\u00e1ticas<\/a>\u00a0&#8211; <a href=\"https:\/\/blogs.fcpolit.unr.edu.ar\/programa\/2008\/03\/11\/variables-para-la-caracterizacion-de-publicos-mabel-marro-y-amalia-dellamea\/\" target=\"_blank\" rel=\"noopener\">Variables para la caracterizaci\u00f3n de los p\u00fablicos<\/a>.<\/p>\n<p><strong>CONSIGNA:<\/strong><\/p>\n<p>Elegir dos diarios de caracter\u00edsticas distintas en su linea editorial, por ejemplo: La Naci\u00f3n y P\u00e1gina 12; Clar\u00edn y Diario Registrado, Infobae y Cr\u00f3nica, etc.<br \/>\nTomar 3 noticias de tapa de cada diario y compararlas:<br \/>\n1. Enumerar los actos de habla que encontraste (se\u00f1alarlos en los p\u00e1rrafos correspondientes)<br \/>\n2. Diferenciar entre actos de habla que producen los sujetos de la noticia y los propios del relato periodistico<\/p>\n","protected":false},"excerpt":{"rendered":"<p>TRABAJO PR\u00c1CTICO\u00a0 (M. MAYOL)<\/p>\n","protected":false},"author":6,"featured_media":0,"comment_status":"open","ping_status":"open","sticky":false,"template":"","format":"standard","meta":{"footnotes":""},"categories":[3],"tags":[],"_links":{"self":[{"href":"https:\/\/redaccion1.fcpolit.unr.edu.ar\/comision-mayol\/wp-json\/wp\/v2\/posts\/945"}],"collection":[{"href":"https:\/\/redaccion1.fcpolit.unr.edu.ar\/comision-mayol\/wp-json\/wp\/v2\/posts"}],"about":[{"href":"https:\/\/redaccion1.fcpolit.unr.edu.ar\/comision-mayol\/wp-json\/wp\/v2\/types\/post"}],"author":[{"embeddable":true,"href":"https:\/\/redaccion1.fcpolit.unr.edu.ar\/comision-mayol\/wp-json\/wp\/v2\/users\/6"}],"replies":[{"embeddable":true,"href":"https:\/\/redaccion1.fcpolit.unr.edu.ar\/comision-mayol\/wp-json\/wp\/v2\/comments?post=945"}],"version-history":[{"count":0,"href":"https:\/\/redaccion1.fcpolit.unr.edu.ar\/comision-mayol\/wp-json\/wp\/v2\/posts\/945\/revisions"}],"wp:attachment":[{"href":"https:\/\/redaccion1.fcpolit.unr.edu.ar\/comision-mayol\/wp-json\/wp\/v2\/media?parent=945"}],"wp:term":[{"taxonomy":"category","embeddable":true,"href":"https:\/\/redaccion1.fcpolit.unr.edu.ar\/comision-mayol\/wp-json\/wp\/v2\/categories?post=945"},{"taxonomy":"post_tag","embeddable":true,"href":"https:\/\/redaccion1.fcpolit.unr.edu.ar\/comision-mayol\/wp-json\/wp\/v2\/tags?post=945"}],"curies":[{"name":"wp","href":"https:\/\/api.w.org\/{rel}","templated":true}]}}