{"id":92,"date":"2009-04-25T15:56:58","date_gmt":"2009-04-25T15:56:58","guid":{"rendered":"http:\/\/fcpolit.unr.edu.ar\/blogs\/redaccion1-mayol\/2009\/04\/25\/memorias-de-lectura-2\/"},"modified":"2009-04-25T15:56:58","modified_gmt":"2009-04-25T15:56:58","slug":"memorias-de-lectura-2","status":"publish","type":"post","link":"https:\/\/redaccion1.fcpolit.unr.edu.ar\/comision-mayol\/2009\/04\/25\/memorias-de-lectura-2\/","title":{"rendered":"Memorias de lectura"},"content":{"rendered":"<p><img loading=\"lazy\" decoding=\"async\" alt=\"Pablo%20Picaso_La%20lectura_1932-75.jpg\" src=\"http:\/\/www.bdp.org.ar\/facultad\/catedras\/comsoc\/redaccion1\/mayol\/Pablo%20Picaso_La%20lectura_1932-75.jpg\" width=\"249\" height=\"338\" \/><br \/>\n<em>Pablo Picasso, &#8220;La lectura&#8221;, 1932<\/em><br \/>\nEl <strong>Trabajo Pr\u00e1ctico 6:<\/strong> <a href=\"http:\/\/www.bdp.org.ar\/facultad\/catedras\/comsoc\/redaccion1\/unidades\/2008\/03\/memorias_de_la_lectura.php\">Memorias de lectura<\/a> tienen tiempo hasta el <strong>8 de mayo <\/strong>para hacerlo. Dentro del post nos cuentan y comparten sus experiencias.<\/p>\n<p><!--more--><\/p>\n<blockquote><p>Yo durante mi ni\u00f1ez nunca le\u00ed nada, ni tampoco me interesaba la lectura pero al comenzar mi adolescencia hubo un cambio. Al cursar el s\u00e9ptimo a\u00f1o del colegio secundario de ese entonces, me encomendaron como tarea leer \u201cEl relato de un naufrago\u201d de Gabriel Garc\u00eda M\u00e1rquez. Al principio la tarea de leer me pareci\u00f3 un poco ostentosa ya que mucho no me interesaba la lectura y no me mostr\u00e9 entusiasmado por leer el libro, es mas ni siquiera sab\u00eda quien era el autor ni tenia la menor idea de que era uno de los grandes escritores de la literatura universal, lo subestimaba. En fin comenc\u00e9 a leer el libro con gran esfuerzo de mi parte, lo le\u00eda por compromiso ya que en el colegio nos daban un tiempo l\u00edmite de lectura y luego como trabajo final nos evaluaban y nos hac\u00edan hacer un trabajo pr\u00e1ctico final.<br \/>\nComenc\u00e9 a leer el libro sin siquiera saber de que se trataba, me manten\u00eda siempre con una actitud un tanto ignorante. Pero todo cambi\u00f3 al ir introduci\u00e9ndome cada vez mas en la lectura del libro que hasta entonces no mostraba inter\u00e9s por el. Al avanzar en la lectura, me llam\u00f3 la atenci\u00f3n, los hechos, sucesos y relatos que se encontraban en el libro.<br \/>\nMe empez\u00f3 a gustar el libro de Garc\u00eda M\u00e1rquez,  ya que relata una historia ver\u00eddica; cuenta la historia de un Hombre (Luis Alejandro Velasco) de nacionalidad colombiana que estuvo a la deriva en el mar durante diez d\u00edas, sin comer ni beber, tras el naufragio del nav\u00edo en el que iba, que parti\u00f3 desde EE.UU. con destino a Colombia.<br \/>\nSin embargo lo que me impacto y llamo la atenci\u00f3n es, que detr\u00e1s de esta historia de supervivencia durante diez d\u00edas a la deriva, hay una gran verdad que hasta entonces no hab\u00eda salido a la luz, un hecho pol\u00edtico que involucraba al gobierno colombiano. El hecho es que el Barco de la marina colombiana  denominado \u201cDestructor\u201d estaba siendo sometido a reparaciones en los Estados Unidos y al regresar, estando a 2 horas de Cartagena, Colombia, el nav\u00edo naufrag\u00f3 por exceso de carga, lo cierto es que ese exceso fue producido por contrabando de elementos electr\u00f3nicos y no por una tormenta como lo dijo el gobierno de aquel pa\u00eds.<br \/>\nOtro de los hechos que me impacto much\u00edsimo fue que despu\u00e9s de la publicaci\u00f3n del libro, que contaba la verdadera historia y el por qu\u00e9 del naufragio, Gabriel Garc\u00eda M\u00e1rquez tuvo que optar por el exilio, al  ser perseguido por el gobierno, mientras que el protagonista de la historia, Luis Alejandro Velasco perdi\u00f3 su carrera en la marina y toda la fama acumulada.<br \/>\nEste fue el primer libro que le\u00ed y me encant\u00f3, no solo por la historia, sino por que hay toda una serie de hecho antes y despu\u00e9s de que fuera publicado, de manera tal que pude conocer quien era Gabriel Garc\u00eda M\u00e1rquez.<br \/>\n<strong>Tom\u00e1s Benitez Lisoski<\/strong><\/p><\/blockquote>\n<blockquote><p>Desde chica, mi mam\u00e1 me le\u00ed cuentos para poder dormirme. Cuentos como Caperucita Roja, Cenicientas, Peter Pan, etc. Mi preferido era La Sirenita.<br \/>\nAdoraba que pase su tiempo ley\u00e9ndome, porque de ese modo el sue\u00f1o ven\u00eda m\u00e1s r\u00e1pido y su voz me apaciguaba.<br \/>\nHasta que aprend\u00ed a leer en la escuela, cuentos que al ser escuchados parec\u00edan m\u00e1s breves que cuando yo misma los le\u00eda, eran fragmentos interminables. Ya hab\u00eda crecido y necesitaba leer apresurado y de corrido. No eran s\u00f3lo cuentos, a esto se le sumaron noticias, textos informativos, etc.<br \/>\nEl paso a la secundaria requer\u00eda listas eternas de libros, y lecturas sin fin como: Mart\u00edn Fierro, El Matadero, Don Quijote de la Mancha, Juvenilla, etc. Odiaba ir a la biblioteca, parec\u00eda algo muy aburrido y cerrado, que hac\u00eda provocar fastidia en mi.<br \/>\nPasado unos a\u00f1os me di cuenta que leer me enriquec\u00eda y me propuse meterme de lleno el en mundo de la lectura. Empec\u00e9 con libros que estaban en mi casa, debido a que mi mam\u00e1 lee y compra mucho. Hay una peque\u00f1a biblioteca repleta de libros, que me atrajeron. Despunt\u00e9 con material escrito por Paulo Coelho, El Alquimista, Once Minutos, Maktub. Amarse con los ojos abiertos de Jorge Bucay, de todos estos y otros m\u00e1s que he le\u00eddo, me atraparon Once minutos y Amarse con los ojos abiertos, son dos libros que relatan historias diferentes, de distintas formas de vida.<br \/>\nEn quinto a\u00f1o las pasant\u00edas me tocaron hacerlas en la biblioteca, pensar que antes ni quer\u00eda entrar, y me tuve que pasar dos semanas ah\u00ed. A todos mis compa\u00f1eros les causo gracia y a mi tambi\u00e9n.<br \/>\nEso me hizo reflexionar, y me demostr\u00f3 que muchas personas viven leyendo, llegan a sus casas con pilas de libros para leer, otras pasan horas y horas en la biblioteca.<br \/>\nPienso que la lectura es un pasatiempo que desde chicos debemos adquirir, es un habito que nos informa, nos entretiene y sobre todo nos ense\u00f1a.<br \/>\nUn libro puede despejarnos la mente y ver m\u00e1s all\u00e1 de lo real.<br \/>\n<strong>Maril\u00edn Bosio<\/strong><\/p><\/blockquote>\n<blockquote><p>Cuando cumpl\u00eda mis 15 a\u00f1os empec\u00e9 a leer un libro que se llama El General, El Pintor y La Dama. En esos momentos cursaba 9\u00ba a\u00f1o en la Escuela de Ense\u00f1anza Media n\u00ba 419. Particularmente mi profesora nos hac\u00eda leer un libro por mes, pero como todo, o casi todo adolescente le\u00ed muchos res\u00famenes. En este momento me arrepiento porque eran libros muy lindos, como por ejemplo \u201cEl nombre de la rosa\u201d, \u201cMart\u00edn fFierro\u201d, \u201cCien a\u00f1os de soledad\u201d entre otros.<br \/>\nEl \u00faltimo libro que nos tom\u00f3 la profesora de lengua fue \u201cEl nombre de la rosa\u201d, una lectura muy interesante, le\u00ed un pedazo y como no llegaba a terminarlo para el d\u00eda que hab\u00eda que darlo termin\u00e9 leyendo el resumen y viendo la pel\u00edcula. Promet\u00ed alg\u00fan d\u00eda terminarlo de leer porque me llenaron de comentarios afirmando que es muy bueno.<br \/>\nDe peque\u00f1o siempre me gustaron los libros o cuentos de terror, los ten\u00eda a todos hasta que me di cuenta que eran siempre iguales. Ahora me inclino m\u00e1s por libros como \u201cAsalto al para\u00edso\u201d \u00a1me encant\u00f3 ese libro! Al igual que \u201cLas redes del odio\u201d.<br \/>\nPara concluir con mi experiencia deber\u00eda contar cuando me escapaba en la secundaria y me iba a la biblioteca, muchas veces a conversar con la bibliotecaria, pero varias no me dejaba quedar. Me pon\u00eda una condici\u00f3n, me quedaba si le\u00eda algo. Y as\u00ed le\u00ed varios libros.<br \/>\n<strong>Kevin Buffa<\/strong><\/p><\/blockquote>\n<blockquote><p>Recuerdo que a los 15 o 16 a\u00f1os le\u00ed mi primer libro, fue gracias a la profesora Fern\u00e1ndez de lengua y literatura que descubr\u00ed a Gabriel Garc\u00eda M\u00e1rquez, desde ese momento hasta ahora es mi escritor preferido. \u201cRelatos de un naufrago\u201d fue el primero, en ese momento lo le\u00ed dos veces y me gusto mucho. Estaba tan encantado con Gabo que empec\u00e9 a buscar mas libros sobre el y si no me equivoco el segundo que le\u00ed fue \u201cLos funerales de Mam\u00e1 Grande\u201d. Le\u00ed tres o cuatro libros m\u00e1s del mismo autor y todos con el mismo encanto. Pero mi mayor placer llego despu\u00e9s, cuando un d\u00eda, no recuerdo como, llego a mis manos \u201cCien a\u00f1os de soledad\u201d, la primera vez tarde un poco en leerlo pero cuando termin\u00e9 no pude resistir empezar de nuevo, ya van entre cinco y siete veces que lo vuelvo a releer y siempre fascinado, me encanta, no lo puedo dejar, como quien dice es mi libro de cabecera.<br \/>\nAs\u00ed fue como me inicie en el placer de leer, despu\u00e9s de Garc\u00eda M\u00e1rquez le\u00ed a otros escritores como Galeano, Saramago, Isabel Allende, Cortazar, Sabato y Borges. Estos son los que recuerdo ahora, algunos deferentes otros un poco m\u00e1s parecidos. Me considero una persona que ha le\u00eddo no todo lo que quisiera, pero he le\u00eddo. Algunas cosas muy lindas y otras no tan buenas. Creo que leer en muy importante para cualquier persona.<br \/>\n<strong>Federico Carra<\/strong><\/p><\/blockquote>\n<blockquote><p>Mis primeros pasos en la lectura se podr\u00eda decir que comenc\u00e9 a darlos durante los \u00faltimos dos a\u00f1os de la escuela primaria, en los cuales tuve una maestra la cual nos daba grandes cantidades de tarea, no muy sencillas, para las cuales deb\u00edamos asistir a la biblioteca para poder resolverlas.<br \/>\nEl primer libro que intent\u00e9 leer fue \u201cEL PRINCIPITO\u201d cuando ten\u00eda 13 a\u00f1os, pero no me lleg\u00f3 a atrapar lo cual hizo que no lograra llegar al menos a la mitad del libro. Lo mismo me pas\u00f3 con un libro llamado \u201cCOLMILLO BLANCO\u201d. Ahora, con un par de a\u00f1os m\u00e1s yo creo que esa falta de inter\u00e9s se deb\u00eda a mi edad y al no saber que era precisamente lo que me gustaba.<br \/>\nDurante el segundo a\u00f1o de la secundaria, ten\u00eda que leer al menos dos libros; yo eleg\u00ed \u201cESTUDIO EN ESCARLATA\u201d y \u201cLAS AVENTURAS DE SHERLOCK HOLMES\u201d ambos de Arthur Conan Doyle. Estos me encantaron el primer libro lo le\u00ed en dos tardes, y al segundo en una sola noche. Durante ese mismo a\u00f1o tambi\u00e9n le\u00ed \u201cPROHIBIDO SUICIDARSE EN PRIMAVERA\u201d, pero solo por obligaci\u00f3n escolar porque me resulto bastante aburrido, tambi\u00e9n le\u00ed \u201cMARTIN FIERRO\u201d y fragmentos de \u201cEL INGENIOSO HIDALGO DON QUIJOTE DE LA MANCHA\u201d.<br \/>\nPese a estos hechos, la lectura no es un h\u00e1bito que haya mamado de chico, pero me gustar\u00eda tener mas voluntad a la hora de leer ya que hay cantidades de obras literarias las cuales me interesar\u00edan mucho leer.<br \/>\n<strong>Mart\u00edn Coletti<\/strong><\/p><\/blockquote>\n<blockquote><p>El primer  libro que le\u00ed,  que  me mostr\u00f3 la experiencia de lo que es disfrutar de la lectura, fue \u201cHarry Potter y la Piedra Filosofal\u201d, y fue una de las experiencias m\u00e1s llenadoras de mi vida. Antes de \u00e9ste yo disfrutaba leyendo historietas, cuentos cortos, y como mucho algunas novelas como  \u201cLos Hollister\u201d .Ten\u00eda cerca de nueve a\u00f1os cuando se lo regalaron a mi hermano por su cumplea\u00f1os. Al principio no me interes\u00f3 mucho; pas\u00f3 por las manos de mis dos hermanos mayores, y ambos terminaron fascinados, se lo liquidaron en menos de una semana.<br \/>\nAl pasar el tiempo, y sentirme un poco excluida de las conversaciones que se sosten\u00edan en mi casa en torno al libro; me decid\u00ed, y comenc\u00e9 a leer la primer hoja. Lo recuerdo como si hubiese sido ayer: \u201cEl se\u00f1or y la se\u00f1ora Dursley del n\u00famero cuatro de Privet Drive, estaban orgullosos de decir que eran perfectamente normales\u201d. Me qued\u00e9 helada: \u00bfqui\u00e9nes eran el Se\u00f1or y se\u00f1ora Dursley? \u00bfPor qu\u00e9 la novela no me explicaba desde el principio quienes eran estas personas? Fue entonces que comenc\u00e9 a bombardear con preguntas a mi hermana que lo \u00fanico que me respondi\u00f3 fue: \u201cSegu\u00ed leyendo que ya te vas a enterar, porque te lo explica despu\u00e9s, no seas desesperada\u201d.<br \/>\nFue as\u00ed que continu\u00e9 leyendo y efectivamente fui entendiendo como se relacionaba todo. Me encerr\u00e9 en mi habitaci\u00f3n y me pas\u00e9 la tarde leyendo, la trama era atrapante no dejaban de pasar cosas que me llamaban la atenci\u00f3n; me fascinaba el mundo paralelo del que eran parte los magos, y me imaginaba que eso mismo podr\u00eda estar sucediendo en nuestra realidad, que tal vez no era una novela sino que era el mundo real, que nosotros los \u201cmuggles\u201d que es como en la novela  identifica a los no magos podr\u00edamos estar viviendo rodeados de gente m\u00e1gica, o incluso que yo misma podr\u00eda ser una bruja y que al cumplir los diez a\u00f1os me vendr\u00edan a buscar para contarme la noticia y llevarme a \u201cHowarts\u201d, la escuela de magia y hechicer\u00eda.<br \/>\nTermin\u00e9 el libro en menos de tres d\u00edas y quede maravillada, enseguida le fui a pedir a mi mam\u00e1 que me consiga el segundo, y ocurri\u00f3 lo mismo que con el primero, me lo devor\u00e9 en pocos d\u00edas. No puedo expresar con palabras lo que me ocurr\u00eda, simplemente no pod\u00eda dejar de leer.<br \/>\nFue as\u00ed que le\u00ed hasta el n\u00famero cuatro; para ese entonces yo estaba m\u00e1s grande, ten\u00eda cerca de catorce a\u00f1os, ya que pas\u00f3 mucho tiempo hasta que se editaron  los siguientes tomos de la colecci\u00f3n. Aunque termin\u00e9 leyendo la saga completa, mis intereses ya no eran los mismos que cuando tenia nueve a\u00f1os, es por esto que no los disfrut\u00e9 en la misma medida que lo hice con los tres anteriores.<br \/>\nPara cuando se public\u00f3 el cuarto libro yo estaba comenzando a leer otros autores como Cortazar, Sabato, etc., que me gustaron mucho, y me hicieron ver el mundo desde otro punto de vista, ya que en mi opini\u00f3n estos autores \u201cte abren la cabeza\u201d.<br \/>\nEstos cambios, de visi\u00f3n, intereses y gustos no me van a hacer olvidar nunca la sensaci\u00f3n de jubilo que sent\u00ed al leer mi primer novela, mi primer libro \u201cgordo\u201d, como lo llamaba en ese entonces, una experiencia \u00fanica.<br \/>\n<strong>Guadalupe Freire<\/strong><\/p><\/blockquote>\n<blockquote><p>Mi primer contacto verdadero con la lectura fue aproximadamente a los 10 a\u00f1os, cuarto o quinto grado de la primaria, a esa edad fue cuando descubr\u00ed el significado de la biblioteca, cuando junt\u00e9 coraje y decid\u00ed entrar por voluntad propia a ese lugar misterioso escondido en un rinc\u00f3n oscuro de mi escuela primaria, supongo que por intriga, o por rebeld\u00eda quiz\u00e1s.<br \/>\nUn ni\u00f1o no pod\u00eda entrar a la biblioteca, \u00bfque tendr\u00eda que hacer un ni\u00f1o ah\u00ed dentro? Recuerdo aquella puerta enorme y despintada, siempre cerrada, a la cual se nos imped\u00eda pasar, que sol\u00edamos escaparnos a mirar con mis compa\u00f1eros en los recreos, y ese sentir oscuro, no se si era miedo o intriga, pero que todos compart\u00edamos.<br \/>\nUn buen d\u00eda junt\u00e9 el coraje suficiente. Baj\u00e9 calmo las escaleras al sonar el recreo, con un solo pensamiento en la mente, una sola imagen\u2026 \u201cesa puerta\u201d. Cruce el primer patio, a trav\u00e9s de la gente como el fantasma de canterville, pise la galer\u00eda, sorte\u00e9 el m\u00e1stil de la bandera y puse un pie en el patio de los gigantes de la escuela, los que ya estaban en el \u00faltimo a\u00f1o y conoc\u00edan la biblioteca. Me detuve por unos segundos, me di media vuelta, mir\u00e9 hacia el patio de los m\u00e1s chicos, ah\u00ed estaban mis compa\u00f1eros llam\u00e1ndome para jugar. Volv\u00ed a dar media vuelta y me concentr\u00e9 nuevamente en la imagen de mi objetivo.<br \/>\nCon la cabeza baja, lento y silencioso, pero seguro y decidido de lo que estaba haciendo, cruc\u00e9 el patio haci\u00e9ndome invisible entre los mas grandes y llegu\u00e9 al hall\u2026 ah\u00ed me esperaba ella, enorme y despintada, oscura y tenebrosa. La mir\u00e9 fijo sin sortear su mirada y juntando coraje, de un empuj\u00f3n, traspas\u00e9 su cuerpo y ca\u00ed del otro lado.<br \/>\nEstaba adentro, abr\u00ed los ojos y me sorprend\u00ed al no ver a una bruja, fantasma o algo por el estilo, sino un lugar con un silencio calido y tranquilizador, grandes ventanales que daban a la calle y por los cuales entraban enormes rayos de sol, enormes mesas cuadradas en las que chicos, no mucho mas grandes que yo, se sentaban a leer tranquilos en los recreos. Hacia un lado de las mesas se encontraban repisas altas como rascacielos que conten\u00edan libros de todo tipo y para todos los gustos.<br \/>\nEl lugar me hab\u00eda sorprendido mucho, me acuerdo de haber sentido una sensaci\u00f3n rara en ese momento, no la pod\u00eda describir, pero ese lugar me hacia sentir bien. Me sent\u00e9 en una de las primeras mesas en una silla contra la punta, cerca de las ventanas y tome un libro que estaba sobre la mesa: \u201cCinco semanas en globo\u201d de Julio Verne. El libro de entrada me atrapo por la tapa: \u201ctres hombres volando en un gran canasto atado a un globo gigante\u201d. Lo tom\u00e9 con las dos manos y despu\u00e9s de dedicarle el tiempo suficiente a la tapa, me atrev\u00ed a empezar a leerlo. A todo esto la campana, que serv\u00eda de alarma para volver cada uno a su sal\u00f3n, ya hab\u00eda sonado hac\u00eda unos minutos y la \u00fanica persona que segu\u00eda en ese lugar era yo. Eso era lo que yo cre\u00eda hasta que de entre las enormes repisas apareci\u00f3 una se\u00f1ora de cabellos rubios gastados, y al verme, sorprendida, se vino hacia m\u00ed dici\u00e9ndome que no pod\u00eda estar ah\u00ed, que era muy chico y que el recreo ya hab\u00eda terminado y yo tendr\u00eda que estar en mi sal\u00f3n. Sin saber que decir le mostr\u00e9 el libro que ten\u00eda en la mano y le pregunte si pod\u00eda llev\u00e1rmelo, ella dijo que ese libro no era para un chico de mi edad, y volvi\u00f3 a repetir que ya tendr\u00eda que estar en mi sal\u00f3n. Eso gener\u00f3 una gran tristeza en mi interior y volv\u00ed a decirle que por favor me dejara llevar el libro, que me gustaba y quer\u00eda leerlo\u2026 su cara cambi\u00f3 de repente y me dijo que \u00edbamos hacer un trato, que yo no me iba a llevar ese libro a mi casa, pero que ella me dejaba venir en los recreos a leerlo. Una gran sonrisa naci\u00f3 en mi cara en ese momento, abr\u00ed la puerta de la biblioteca suavemente, salude a la se\u00f1ora y sal\u00ed contento de ese lugar que, a partir de ese d\u00eda, empezar\u00eda a frecuentar sin miedo y con placer.<br \/>\n<strong>Mart\u00edn L\u00f3pez<\/strong><\/p><\/blockquote>\n<blockquote><p>A decir verdad, no tengo mucho para contar. No es que nunca me haya interesado en la lectura, si no que soy de esas personas que leen s\u00f3lo cuando la pr\u00e1ctica lo demanda y rara vez averiguo el final de la historia.<br \/>\nPara quienes me conocen, e incluso para mi misma, esto resulta algo contradictorio ya que vengo de una familia de libreros, o mejor dicho \u201cdel libro\u201d, como dicen ellos.<br \/>\nEstoy segura que la contradicci\u00f3n tiene su explicaci\u00f3n en mi personalidad inquieta y ansiosa -cualidad tan criticada por mis padres a la hora del estudio, y a veces hasta por mis propios compa\u00f1eros al encarar un proyecto-. De todas formas, no tienen de qu\u00e9 quejarse: ellos tienen el m\u00e9todo del orden y la constancia, yo la creatividad y el esmero, inconstante, pero muy apasionado. Finalmente, \u00a1todos somos felices! Los que les escapan a las formalidades son amigos, y ellos ya no me dicen nada.<br \/>\nSon justamente estos aspectos de mi forma de ser los que orientan mis preferencias de lectora \u201cno empedernida\u201d hacia los g\u00e9neros m\u00e1s din\u00e1micos: nada de cuentos largos o relatos con demasiadas descripciones, prefiero la novela y la historieta. Traigo a escena aquella apasionante obrita, presentada en varias entregas, con el encanto de los viejos melodramas: Boquitas Pintadas, de Manuel Puig. Y urgeteando un poco m\u00e1s en la memoria, me encuentro con la escalofriante historia del futuro donde \u201cpensar impide ser ingenuamente feliz\u201d: Fahrenheit 451, de Ray Bradbury. Ambas recomendadas por mi madre.<br \/>\nLa educaci\u00f3n secundaria que recib\u00ed me oblig\u00f3 a enfrentarme reiteradas veces con la lectura, y pese a mis prejuicios, reconozco que a veces me llev\u00e9 gratas sorpresas: comenc\u00e9 en s\u00e9ptimo grado con \u201cel maestro del terror\u201d, Edgar Alan Poe, seguido por Mark Twain y Oscar Wilde. Despu\u00e9s de otros cl\u00e1sicos nos pusimos un poco mas contempor\u00e1neos: Garc\u00eda Marquez y Truman Capotte. Haciendo un breve recorrido en el tiempo, recuerdo especialmente algunas publicaciones por distintos motivos: \u201cLa tierra del fuego\u201d (una espesa novela de Iparraguirre), \u201c\u00a1Socorro!\u201d (un surtido de cuentos de terror escrito por Elsa Bornemann, muy parecido al viejo y ya reconocido \u201cCuentos de la cripta\u201d), y por \u00faltimo dos figuritas repetidas en la educaci\u00f3n media Argentina: \u201cMartin Fierro\u201d y \u201cDon Quijote de la Mancha\u201d, infaltables.<br \/>\nTengo el presentimiento que \u201c\u00a1Socorro!\u201d fue un intento desesperado de los docentes por generar un m\u00ednimo h\u00e1bito de lectura en los chicos. Recuerdo que al a\u00f1o siguiente, cambiaron a Elsa por J.K. Rowlling\u2026 quiz\u00e1s la tem\u00e1tica del mundo m\u00e1gico fuera mas seductora. De todos modos la producci\u00f3n nacional se va al diablo, que injusticia. Y hablando de producci\u00f3n nacional recuerdo haber le\u00eddo algunos cuentos del Negro Fontanarrosa: adem\u00e1s de escribir aqu\u00ed, el Negro tambi\u00e9n escrib\u00eda para los de aqu\u00ed.<br \/>\nPero yendo al centro de la cuesti\u00f3n, lo que siempre me interes\u00f3 fueron los textos originales, \u201clas fuentes\u201d: cartas \u00edntimas, entrevistas, documentos pol\u00edticos, testimonios sin previo an\u00e1lisis. Cero pluma profesional, que el escritor no meta la cuchara. Lo que disfruto de la naturalidad de los discursos es que son el fiel reflejo de un momento determinado de algo o alguien. Es como poder dibujar una ventana sobre una persona y meter la cabeza adentro, observar los hechos sin interpretaci\u00f3n ajena, leer su historia tal como sucedi\u00f3 en ese instante, desde su punto de vista.<br \/>\nVoy a ser redundante, porque quiero aclarar de nuevo que la mayor\u00eda de los libros que cit\u00e9 tienen todav\u00eda un se\u00f1alador en el ombligo: rara vez empiezo una publicaci\u00f3n por su pr\u00f3logo. Voy a lo que necesito, y la misma lectura me invita a seguirle el rastro, a veces salteando p\u00e1ginas y otras volviendo al desconocido principio, aunque haya descubierto el final.<br \/>\nNo s\u00e9 si es el m\u00e9todo correcto, pero es el modo m\u00e1s c\u00f3modo y personal que encuentro.<br \/>\nEn fin, mi memoria es un collage de enunciados inconclusos con los cuales pienso, hablo y comunico.<br \/>\n<strong>Julia Mestre<\/strong><\/p><\/blockquote>\n<blockquote><p>Cuando empiezo a pensar, no viene a mi memoria el primer libro que le\u00ed, ni a qu\u00e9 edad empec\u00e9 realmente a leer. Tengo vagos recuerdos de algunos libros infantiles, con historias de peque\u00f1os animalitos del bosque en grandes aventuras, los majestuosos leones como reyes o h\u00e9roes, y los tigres o las serpientes como villanos. Desde chiquito que me gustaba escribir, y me motivaba con esas historias para ni\u00f1os. Me acuerdo que mi favorita era la de un ganso son\u00e1mbulo que hac\u00eda travesuras mientras estaba dormido. En ese cuento me inspir\u00e9 para escribir mi primera gran obra \u201cGustavo el son\u00e1mbulo y yo\u201d, cuando ten\u00eda un poco m\u00e1s de 8 a\u00f1os.<br \/>\nCreo que el momento m\u00e1s significativo en mi vida como lector fue cuando para una materia de la escuela tuve que leer \u201cHarry Potter y la piedra filosofal\u201d. Ese libro me inspir\u00f3 poderosamente a la lectura. Desde entonces (creo que ten\u00eda 12 a\u00f1os) me enamor\u00e9 de la saga de J. K. Rowling, y le\u00ed todas y cada una de las aventuras del peque\u00f1o mago. Lo interesante era, que no todos los libros estaban ya a la venta cuando yo terminaba de leer el anterior y\u2026 por supuesto\u2026 a medida que pasaban los a\u00f1os yo iba creciendo y mis intereses eran otros.<br \/>\nRecuerdo que para una navidad, mi t\u00eda me regal\u00f3 un libro de Edgar Allan Poe, \u201cNarraciones extraordinarias\u201d. Dicho libro compila varios de sus cuentos m\u00e1s famosos. Desde ah\u00ed entonces, desarroll\u00e9 un gusto especial para los cuentos, y empec\u00e9 a leer a Borges, Bucay y a Cort\u00e1zar. Los libros m\u00e1s famosos, o los \u201cBest Sellers\u201d como \u201cEl ingenioso hidalgo Don Quijote de la Mancha\u201d o \u201cEl Gaucho Mart\u00edn Fierro\u201d no fueron tan asombrosos para m\u00ed como para mis profesores de la escuela. Gabriel Garc\u00eda M\u00e1rquez tambi\u00e9n parec\u00eda ser un autor extraordinario para ellos pero a m\u00ed me decepcion\u00f3 mucho con \u201cCr\u00f3nica de una muerte anunciada\u201d y \u201cRelato de un n\u00e1ufrago\u201d. Tanto que me da pereza volverlos a leer para ver si mi edad m\u00e1s madura tiene alg\u00fan efecto en lo que puedan llegar a generar en m\u00ed tales relatos.<br \/>\nHoy en d\u00eda mantengo el gusto particular por los cuentos cortos. No importa si son policiales, de terror, de aventura, o cualquier otra cosa, cualquier cuento corto me llama la atenci\u00f3n.<br \/>\nM\u00e1s all\u00e1 de la lectura por placer, y debido a que estudio esta carrera en particular, me acostumbr\u00e9 mucho a leer los diarios, sobre todo las versiones digitales porque ahora no puedo conseguir diarios argentinos. Pero no me quiero desviar a ese tema.<br \/>\nPara cerrar, creo que el libro que m\u00e1s me gust\u00f3 fue \u201cTodos los fuegos, el fuego\u201d de Julio Cort\u00e1zar, y el cuento que m\u00e1s me gust\u00f3 fue \u201cLa verdad sobre el caso del se\u00f1or Valdemar\u201d de Edgar Allan Poe. Curiosamente, Cort\u00e1zar es el traductor al castellano de Allan Poe\u2026 parece que los genios tienen su grupo aparte\u2026<br \/>\n<strong>Santiago Nidd<\/strong><\/p><\/blockquote>\n<blockquote><p>Mi primer contacto con un libro fue una experiencia inolvidable. Recuerdo que cuando era muy chiquita mi mam\u00e1 me le\u00eda cuentos infantiles, especialmente antes de irse a trabajar, porque de esa manera yo me quedaba tranquila y con un mundo imaginario dentro de mi cabeza. Cabe mencionar que eran cuentos cortos, con colores, im\u00e1genes, y que fueron muy significativos para m\u00ed en su momento ya que por fin le encontraba sentido a esas hojas de papel. Siempre esperaba ansiosamente que llegara ese momento y as\u00ed poder escuchar esas historias tan fantasiosas, que si me pongo a leerlas hoy quiz\u00e1 no me provoquen el mismo sentimiento.<br \/>\nAl pasar el tiempo, dej\u00e9 de lado esta costumbre tan bonita para insertarme en el mundo de las novelas. El primer libro que le\u00ed propiamente dicho fue \u201cRelato de un naufrago\u201d de Gabriel Garc\u00eda M\u00e1rquez, el cu\u00e1l me produjo muchas sensaciones, me hizo pensar y reflexionar sobre la situaci\u00f3n y me ayud\u00f3 para valorar realmente lo que tengo ahora. A esta obra la le\u00ed cuando ingresaba al colegio secundario, d\u00f3nde tuve que adquirir el h\u00e1bito de la lectura. Mensualmente, ten\u00eda la obligaci\u00f3n de exponer una novela para toda la clase, por lo tanto, recurr\u00eda la biblioteca del pueblo para adquirir novelas diferentes. Continu\u00e9 con esta rutina y le\u00ed \u201cMi planta de naranja-lima\u201d de Jos\u00e9 Mauro de Vasconcelos, \u201cJuan Salvador Gaviota\u201d de Richard Bach, \u201cEl t\u00fanel\u201d de Ernesto S\u00e1bato, \u201cMart\u00edn Fierro\u201d de Jos\u00e9 Hern\u00e1ndez y \u201cDon Segundo Sombra\u201d de Ricardo G\u00fciraldes.<br \/>\nFue durante toda mi educaci\u00f3n secundaria que aprend\u00ed realmente de que se trataba leer, es algo realmente placentero. Y fue tambi\u00e9n, en ese momento cuando por primera vez ingres\u00e9 a una biblioteca. Ve\u00eda estantes llenos de libros, para todos los gustos, para todo tipo de personas, y aumentaban mis ganas de continuar leyendo. Actualmente, no estoy leyendo ninguna novela pero no quiere decir que est\u00e9 perdiendo la costumbre de leer, sino que lo sustituyo con diarios, revistas informativas y textos de la facultad.<br \/>\n<strong>Sabrina Prim\u00f3n<\/strong><\/p><\/blockquote>\n<blockquote><p>Ten\u00eda la edad de 11 a\u00f1os cuando por primera vez tuve que subir  a la biblioteca de la escuela por decisi\u00f3n propia, ese d\u00eda no estaba el diario en casa y era mi gusto leerlo diariamente (costumbre que mantengo hasta hoy en d\u00eda).  As\u00ed que me tome el primer recreo para poder leer al menos las secciones que mas me interesaban: la pol\u00edtica  el mundo y el deporte. Desde esa vez decid\u00ed realizarlo cotidianamente en vez de leer el diario en casa leerlo en la biblioteca del colegio aproveche y me hice amigo de Yudith la bibliotecaria.<br \/>\nAl mismo tiempo que le\u00eda los diarios cotidianamente, encontr\u00e9 en al biblioteca un libro de poes\u00edas de amor de Adolfo Becquer, libro al cual le\u00ed pero no me acuerdo el nombre .  Lo anecd\u00f3tico es que me gustaron mucha las poes\u00edas de amor, entonces las trascrib\u00eda cambi\u00e1ndole las palabras o el orden y dec\u00eda que la hab\u00eda escrito yo.<br \/>\nLuego a la edad de 13 a\u00f1os le\u00ed el libro de Jos\u00e9 Hern\u00e1ndez \u201cEl Mart\u00edn Fierro\u201d, excelente libro de la literatura Argentina, al leerlo a esa edad me facilito a los 15 realizar el trabajo sobre dicho libro en la escuela y aprobarlo con diez.<br \/>\nSin dudas que ese libro marco la etapa escolar .Otro dos libros que me marcaron en esa etapa fueron los libros de Fernando Sabater \u201c\u00c9tica para Amador\u201d y \u201cPol\u00edtica para Amador\u201d  que me  los  regalo un profesor sabiendo mi interes por la pol\u00edtica.<br \/>\nHoy en d\u00eda sigo con mi costumbre de leer el diario por la ma\u00f1ana e intentando leer mas de un diario aprovechando  Internet. Adem\u00e1s mi lectura de hoy pasa por los apuntes de la facultad.<br \/>\n<strong>Federico Beiserman<\/strong><\/p><\/blockquote>\n<blockquote><p>En mi caso tengo varias memorias de lecturas. Las m\u00e1s importantes y significantes en mi memoria son las lecturas de \u201cLa borra del caf\u00e9\u201d de Mario Benedetti (Quien sali\u00f3 del hospital hace unos d\u00edas) y \u201cEl ingl\u00e9s de los huesos\u201d de Benito Linch.<br \/>\n\u201cLa Borra del Caf\u00e9\u201d, fue una lectura obligada por la materia de Lengua y Literatura III, en la cual debimos hacer una monograf\u00eda de alguna novela. Esa fue la elegida por un amigo y yo, entre una serie de opciones. De la obra me gust\u00f3 la organizaci\u00f3n, y la historia que cuenta desde un ni\u00f1o inocente, hasta el desarrollo de las ideolog\u00edas de su madurez, pasando por todo lo que ello amerita. La novela me gust\u00f3 mucho, tanto que luego se la recomend\u00e9 a mi madre y mi hermana, y toda mi casa termin\u00f3 debatiendo sobre la \u201cBorra del Caf\u00e9\u201d.<br \/>\nEn tanto a \u201cEL ingl\u00e9s de los huesos\u201d fue una lectura elegida por mi. Nunca hab\u00eda le\u00eddo Benito Linch, y me lleve una muy buena imagen, tal es as\u00ed, que luego le\u00ed \u201cLos caranchos de la Florida\u201d, tambi\u00e9n de su autor\u00eda. El ingl\u00e9s de los huesos me gust\u00f3 mucho, porque por sus descripciones me hicieron recordar a mis vivencias de ni\u00f1o en el campo y todo ese mundo que a menudo olvido. Tambi\u00e9n la relaci\u00f3n casi perversa entre el protagonista y una ni\u00f1a de la estancia, me cautivaron.<br \/>\n<strong>Gabriel Bisang<\/strong><\/p><\/blockquote>\n<blockquote><p>Empiezo a recordar los libros que le\u00ed, y aparecen varios en mi mente como los que m\u00e1s me atraparon: La novena revelaci\u00f3n (James Redfield), \u00c1ngeles y Demonios (Dan Brown), Ana Bolena (Evelyn Anthony), El cuadro (Agatha Christie), La venganza de Nofret (Agatha Christie), Atrapa tu sue\u00f1o (Herman y Candelaria Zapp), El cuaderno de Noah (Nicholas Sparks), El perfume (Patrick S\u00fcskind), El jurado (John Grisham). Pero sobre todo hay uno que me result\u00f3 muy interesante, tanto, que s\u00f3lo dos tardes y dos noches me bastaron para su lectura: El c\u00f3digo Da Vinci, de Dan Brown.<br \/>\nEs un libro que me atrap\u00f3 por el hecho de c\u00f3mo se presenta la historia. A ra\u00edz de un asesinato, se develan muchos misterios. Estos, son resueltos por un detective y una agente, quienes a partir de la investigaci\u00f3n por averiguar qui\u00e9n asesin\u00f3 a Sauni\u00e8re, descubren y resuelven distintos enigmas, de los cuales surgen otros y as\u00ed, hasta llegar al final de la historia. Estos acertijos, develan que el mismo asesinato tiene que ver con la ubicaci\u00f3n del Santo Grial y sobre una sociedad secreta muy antigua, El Priorato de Si\u00f3n. Este es otro punto por el cual me atrap\u00f3 much\u00edsimo la obra de Brown, los datos culturales e hist\u00f3ricos que se expresan durante el relato, por ejemplo sobre la secuencia de Fibonacci, sobre el Opus Dei, la estrella de David (dos tri\u00e1ngulos combinados son la \u00abespada\u00bb y el \u00abc\u00e1liz\u00bb, s\u00edmbolos de masculinidad y femineidad), conforman un conjunto de conocimientos para el lector que hace a la lectura del mismo a\u00fan m\u00e1s cautivante.<br \/>\nAdem\u00e1s de ser el libro m\u00e1s interesante que le\u00ed, fue, el que me llev\u00f3 a pensar m\u00e1s que los otros, por todo el misterio y las inc\u00f3gnitas que present\u00f3. Libros como este, y como los que mencion\u00e9 al principio, son los que hacen que la lectura sea para m\u00ed un espacio de distracci\u00f3n, de relajaci\u00f3n y me sirve para desconectarme un poco de la realidad y adentrarme en cada historia, vivi\u00e9ndola como si fuese la protagonista.<br \/>\n<strong>Florencia Bisiacco<\/strong><\/p><\/blockquote>\n<blockquote><p>Mis padres jam\u00e1s me fomentaron demasiado, ni me impusieron, ni me motivaron mucho, el h\u00e1bito de la lectura. En mi casa nunca hubo una biblioteca destacada, pero siempre vi libros en ella, porque pap\u00e1 y mam\u00e1 siempre le\u00edan, en sus dormitorios siempre ve\u00eda los libros que formaban parte de sus lecturas nocturnas, pero siempre los vi distantes porque eran \u201clibros de grandes\u201d para mi.<br \/>\nA lo que siempre tuve acceso gracias a mis padres fue a revistas de ni\u00f1os, como Anteojitos y Billiken, con las cuales empec\u00e9 a leer fuera de los textos escolares.<br \/>\nEl primer libro, o la primera obra literaria, que le\u00ed la tome de la mano de mi hermano. En realidad el no me lo dio, ni me lo recomend\u00f3, ni se lo robe, solo lo tome y me met\u00ed en \u00e9l. A este libro mi hermano tuvo que leerlo para la escuela, fue as\u00ed que llego a \u00e9l y por \u00e9l a m\u00ed. Al verlo leer supe que pod\u00eda hacerlo yo tambi\u00e9n. A mi hermano lo ten\u00eda como el ejemplo m\u00e1s cercano, era a lo que me quer\u00eda parecer, m\u00e1s que a mi pap\u00e1 o mi abuelo, o a cualquier hombre dentro de mi familia, por eso tal vez tambi\u00e9n tome este texto y me aventure a la lectura, solo porque estaba en sus manos y quise ser un poco como \u00e9l.<br \/>\nEl libro con el que comenc\u00e9 mi lectura fue El Principito de Antoine de Saint-Exup\u00e9ry. Esto fue cuando ten\u00eda 9 a\u00f1os. Todo fue totalmente nuevo, extra\u00f1o y excitante para m\u00ed. Empec\u00e9 por la dedicatoria, que hasta el d\u00eda de hoy considero la mas sincera y mas profunda de todas, \u201cPido perd\u00f3n a los ni\u00f1os por haber dedicado este libro a una persona mayor. Tengo una seria excusa: esta persona mayor es el mejor amigo que tengo en el mundo. Pero tengo otra excusa: esta persona mayor es capaz de comprenderlo todo, incluso los libros para ni\u00f1os. Tengo una tercera excusa todav\u00eda: esta persona mayor vive en Francia, donde pasa hambre y fr\u00edo. Tiene, por consiguiente, una gran necesidad de ser consolada. Si no fueran suficientes todas esas razones, quiero entonces dedicar este libro al ni\u00f1o que fue hace tiempo esta persona mayor. Todas las personas mayores antes han sido ni\u00f1os. (Pero pocas de ellas lo recuerdan). Corrijo, por consiguiente, mi dedicatoria: A Le\u00f3n Werth cuando era ni\u00f1o\u201d, y el libro se rob\u00f3 toda mi atenci\u00f3n y tiempo libre. Me dio alegr\u00eda, ganas y me abri\u00f3 las puertas a un nuevo mundo de emociones, ideas, ganas y tantas otras cosas que se encuentran y se experimentan solo entre las p\u00e1ginas de un libro.<br \/>\nEsta, primer experiencia de lectura, fue tan linda y tan emocionante que hasta el d\u00eda de hoy cada vez que la recuerdo me da ganas de leer una y otra vez la historia del hombrecito que viene del asteroide B612 a danos su visi\u00f3n del mundo y ense\u00f1arnos un mont\u00f3n de cosas.<br \/>\n<strong>Alejandro Cabral<\/strong><\/p><\/blockquote>\n<blockquote><p>Cual si esto fuera una carta de amor donde no se sabe c\u00f3mo empezar y se termina por no saber lo que se ha dicho, usar\u00e9 la comparaci\u00f3n como muletilla y seguir\u00e9 confesando que la cantidad de obras literarias en mi haber es escasamente superior a cero. Lo m\u00e1s llamativo del caso es que me gusta mucho escribir. Que lo haga bien o no, es un juicio que no me corresponde, aunque algunas de las cosas que hago no me disgusten, probablemente porque escribo de aquello que me gustar\u00eda leer. \u00bfExtra\u00f1a iron\u00eda? No lee de otros, pero s\u00ed lee de s\u00ed misma \u2013 y la noci\u00f3n de que los libros interesantes me van a caer de arriba tiene principio de realidad en mi cabeza nada m\u00e1s. Volviendo de la tangente, la consigna que da nacimiento a este texto me presenta otro problema: mi pasado es una cosa nebulosa, por lo menos, aunque las razones de esto me son desconocidas. Haciendo memoria, las \u00fanicas dos cosas que s\u00ed recuerdo haber le\u00eddo enteras \u2013entre varias otras sin terminar\u2013 son \u201cLos \u00e1rboles mueren de pie\u201d de Alejandro Casona, y \u201cLa casa de Asteri\u00f3n\u201d de Borges, ambas por \u201csugerencia\u201d de la escuela secundaria. M\u00e1s all\u00e1 de recordar que las le\u00ed y, a pesar de la obligaci\u00f3n (y de los prejuicios familiares, en caso de la segunda), me gustaron mucho, ni siquiera estoy segura a cu\u00e1l profesora deber\u00eda agradecerle de las ocho escuelas a las que fui. Sin embargo, ambos textos tuvieron mucha influencia sobre mi persona. El primero me ense\u00f1\u00f3 a perderle el miedo a escribir en forma de gui\u00f3n; y si se me fue la habilidad por falta de ejercicio, es un tema para otra ocasi\u00f3n, pero s\u00e9 que alguna vez estuvo ah\u00ed y han quedado pruebas. \u201cLa casa de Asteri\u00f3n,\u201d por su lado, tuvo un efecto que perdur\u00f3 m\u00e1s en el tiempo, y contin\u00faa a\u00fan hoy: me otorg\u00f3 una nueva perspectiva en cuanto a la construcci\u00f3n de personajes, y la posibilidad de ver que respecto de un suceso, siempre hay, como m\u00ednimo, dos campanas que o\u00edr. El monstruo humanizado que fue su minotauro, marc\u00f3 desde entonces a mis personajes antag\u00f3nicos, simples y planos, que sol\u00edan gozar de pocos justificativos. Quiz\u00e1 incluso humaniz\u00f3 a los personajes que estaban del otro lado, mostrando que la verdad que pregonaban no era m\u00e1s que un matiz, y que en el nudo de su conflicto, ambos lados ten\u00edan algo de raz\u00f3n. No hubo m\u00e1s blancos ni negros en lo que escrib\u00ed desde que ese texto lleg\u00f3 a mis manos, y creo que debo estar agradecida, porque en esa escala de grises que me revel\u00f3 un peque\u00f1o cuento, descubr\u00ed que hay un universo de posibilidades.<br \/>\n<strong>Estefan\u00eda Chavez Prieu<\/strong><\/p><\/blockquote>\n<blockquote><p>Desde que tengo uso de raz\u00f3n recuerdo el gran amor por la lectura que tenia mi familia.<br \/>\nEra muy chiquita pero recuerdo a mis padres leyendo a diferentes autores, libro tras libro con la misma emoci\u00f3n con que hab\u00edan le\u00eddo el primero. Lo mismo ocurr\u00eda en casa de mis t\u00edas o de mi abuela .<br \/>\nDebido a mi corta edad disfrutaba los libros de manera diferente. Al principio, me le\u00edan cuentos y, m\u00e1s que la trama en si del cuento, disfrutaba las ilustraciones.<br \/>\nAl pasar los a\u00f1os comenc\u00e9 a leer diferentes cosas, repaso mis preferencias a diferentes edades y veo mi amor por los cuentos de Disney, alrededor de mis 6 a\u00f1os, un poco m\u00e1s adelante, por las historietas de Asterix y Obelix  y por los c\u00f3mics de Stan Lee. Pero al pasar los a\u00f1os le fui perdiendo el miedo a los libros m\u00e1s grandes, leyendo as\u00ed \u201cLas aventuras de Tom Sawyer\u201d o \u201clas aventuras de Huckleberry Fynn\u201d, ambos de Mark Twain, Siendo estos el paso previo a mi primer libro sin dibujos que fue \u201cHarry Potter y la piedra filosofal\u201d de J.K.Rowling  y luego la triolog\u00eda de \u201cEl Se\u00f1or de los anillos\u201d, de JRR Tolkien. Durante mi adolescencia conoc\u00ed a otros autores como ser Saramago, Eco, Garc\u00eda M\u00e1rquez.<br \/>\nAl d\u00eda de hoy me gusta conocer m\u00e1s de lo que escribieron estas personas como tambi\u00e9n leer nuevamente los libros que ya he le\u00eddo y disfrutar los nuevos significados que puedo darles.<br \/>\n<strong>Irene Correa<\/strong><\/p><\/blockquote>\n<blockquote><p><strong>Una rivalidad familiar<\/strong><br \/>\nLos 31 de diciembre es tradici\u00f3n familiar juntarse a cenar con mi familia materna en una localidad vecina a Monte Ma\u00edz. All\u00ed naci\u00f3 mi mam\u00e1 y por consiguiente conserva sus ra\u00edces en ese pueblo. Y vale aclarar que cada vez que deb\u00edamos ir, era una batalla campal porque a todos nos fastidiaban esos personajes.<br \/>\nEst\u00e1bamos cenando para recibir el a\u00f1o 1999 y yo s\u00f3lo ten\u00eda 8 a\u00f1os; pues al primer d\u00eda del a\u00f1o nuevo volv\u00edamos a la casa de la hermana de mi abuela a almorzar todos juntos otra vez.<br \/>\nCon mi mam\u00e1 nunca tuvimos una buena relaci\u00f3n y como siempre, ella era muy compinche de su ahijada que justamente era mi prima, la mayor, la preferida de mi abuela. Mientras almorz\u00e1bamos, mi mam\u00e1 tuvo una charla profunda con su ahijada y su madre, que es profesora de lengua castellana, en la cual todos alababan a mi prima ya que ella hab\u00eda le\u00eddo por cuenta propia el libro de Anna Frank; pues ese primero de enero toda la familia halag\u00f3 los aires de educaci\u00f3n que ella desplegaba sobre la mesa, siendo yo un ente al cual nadie prestaba atenci\u00f3n.<br \/>\nPor el contrario, al ser primera hija y mujer, tuve una excelente relaci\u00f3n con mi pap\u00e1 quien ya no aguantaba a mi mam\u00e1 con sus comentarios, hirientes por cierto, sobre su fabulosa sobrina. Esto no quiere decir que yo nunca hab\u00eda le\u00eddo un libro, pero no iba a bibliotecas, y los libros que le\u00eda eran comprados y bastante infantiles a\u00fan; mi vida apuntaba a otra cosa, el pat\u00edn.<br \/>\nPasado un tiempo y ya cansada de las diferencias que mi madre y mi abuela se encargaban de hacer entre Maria, mi prima, y yo, decid\u00ed ir a un lugar desconocido hasta entonces: la biblioteca. Al principio fue raro; era un lugar semioscuro, ya que s\u00f3lo entraba la luz del d\u00eda, y con un olor penetrante que jam\u00e1s podr\u00eda olvidar; era el olor que hab\u00eda en los estantes de la casa de mis abuelos paternos. En contra de la puerta antigua de vidrio, estaba Vivi, la bibliotecaria, una mujer joven, gorda, rubia y con un pelo larg\u00edsimo, era muy simp\u00e1tica y con gusto decidi\u00f3 ayudarme y agregarme como socia en la ficha de mi mam\u00e1.<br \/>\nCon dificultad sali\u00f3 del peque\u00f1o mostrador, el cual estaba lleno de libros y fichas, y me gui\u00f3 hacia un pasillo parecido a una g\u00f3ndola de supermercado, pero en sus estantes estaban ellos, los preciados libros, esos objetos tan valiosos que pod\u00edan marcar una brecha tan vasta entre mi prima y yo.<br \/>\nLo recuerdo todo: en el fondo del pasillo hab\u00eda un puff verde esperanza y sobre \u00e9l, en la pared, una caricatura en blanco, negro y naranja, la cual representaba a un ni\u00f1o haciendo la se\u00f1al de silencio. All\u00ed me sent\u00e9 y comenc\u00e9 a tomar libro por libro; los mir\u00e9 uno por uno; apreci\u00e9 sus dibujos y letras. Vivi, al verme confundida, se acerc\u00f3 con un libro entre sus manos: Pahicaplapa de la editorial Panflauta; ten\u00eda una tapa blanca y naranja y un logotipo de una varilla de pan con todas notas musicales a su alrededor; me llam\u00f3 la atenci\u00f3n su nombre, nunca lo hab\u00eda escuchado; lo llev\u00e9.<br \/>\nCuando llegu\u00e9 a casa, que estaba a casi cuatro cuadras, comenc\u00e9 a leerlo. Era entretenido y lo devor\u00e9 en un abrir y cerrar de ojos.<br \/>\nApenas termin\u00e9, volv\u00ed; le cont\u00e9 a la bibliotecaria que me hab\u00eda encantado. Y as\u00ed, libro tras libro, fui leyendo los que esa editorial publicaba, hasta que se terminaron. \u00bfQu\u00e9 iba a hacer? Me ahogaba en un vaso de agua; mi mam\u00e1 prefer\u00eda a mi prima, mi abuela tambi\u00e9n, se me acababan los conocimientos y el vocabulario nuevo\u2026 hasta que apareci\u00f3 la salvaci\u00f3n: la recomendaci\u00f3n de una maestra en la clase, me despert\u00f3 la intriga sobre algo que no hab\u00eda escuchado jam\u00e1s: un caballo hab\u00eda incendiado y destruido toda una ciudad, \u00bfc\u00f3mo era posible?<br \/>\nEse mismo d\u00eda a la tarde me dediqu\u00e9 a ir hasta ese maravilloso lugar que hac\u00eda poco hab\u00eda encontrado. Y esa tarde lluviosa me decid\u00ed a llevarme toda la colecci\u00f3n de la mitolog\u00eda griega para ni\u00f1os. Eran unos diez o doce libros que termin\u00e9 en un santiam\u00e9n; le\u00eda en cada momento libre y me sorprend\u00eda de mi misma.<br \/>\nAs\u00ed fue c\u00f3mo llegu\u00e9 a la primera visita a la biblioteca; aunque nunca haya sido suficiente para superar a Maria, hoy debo agradec\u00e9rselo. Pues gracias a la rivalidad que cierta parte de la familia hac\u00eda crecer entre nosotras, he conocido uno de los lugares m\u00e1s alucinantes, la casa y el fascinante mundo de los libros, a los cuales debo much\u00edsimo. Ya que gracias a ellos no s\u00f3lo aprend\u00ed a darle importancia a las cosas que realmente se lo merecen, sino que adem\u00e1s de ello, pude encontrar la soluci\u00f3n a mi relaci\u00f3n con mi abuela, mi madre y hasta mi propia prima; que aunque ella no hac\u00eda nada intencionalmente para que nos diferencien, para m\u00ed en ese momento, ella era la principal culpable.<br \/>\n<strong>Candelaria Garc\u00eda Karl<\/strong><\/p><\/blockquote>\n<blockquote><p>Dejando de lado toda la literatura infantil que me le\u00edan y que intentaba leer cuando era ni\u00f1o, se puede decir que empec\u00e9 a leer \u201cde verdad\u201d (como dice Pablo Ramos en su relato) a los 11 a\u00f1os.<br \/>\nA pesar que desde muy chico ten\u00eda la costumbre y el inter\u00e9s de leer el diario, ya que en mi casa nunca faltaba, si no me equivoco el primer libro que le\u00ed fue Harry Potter y la Piedra Filosofal, que para ese momento no era tan conocido como lo fue posteriormente. Me lo regalaron para mi cumplea\u00f1os y una vez que empec\u00e9 a leerlo no lo pude dejar. Ese mundo ficticio de magos, brujas y hechizos era tan atrapante que me llevo a conseguir el segundo tomo de la saga, Harry Potter y la C\u00e1mara Secreta. Y as\u00ed sucesivamente le\u00ed el tercero y tambi\u00e9n el cuarto.<br \/>\nDespu\u00e9s de terminar Harry Potter y el C\u00e1liz de Fuego, el cuarto libro, no encuentro todav\u00eda las razones pero abandon\u00e9 la lectura de la serie y me dediqu\u00e9 m\u00e1s a leer novelas. Las que m\u00e1s me interesaban eran las que en sus relatos ten\u00edan un importante trasfondo hist\u00f3rico. Me ayudaba a engancharme en la trama de las novelas el inter\u00e9s que ten\u00eda por el contexto hist\u00f3rico que en ellas se narraba.<br \/>\nHoy puedo decir que mi lectura pasa por todos los textos de la Facultad, los diarios que leo todos los d\u00edas y alg\u00fan cuento que mi sobrina  me pide que le lea. Pero tambi\u00e9n no puedo dejar de mencionar que adopt\u00e9 con el tiempo el h\u00e1bito de leer por placer en los tiempos libres. Por suerte los miembros de mi familia son muy lectores as\u00ed que no tengo excusa para no leer, ya que libros hay de sobra.<br \/>\n<strong>Mart\u00edn Kelman<\/strong><\/p><\/blockquote>\n<blockquote><p>Creo que mi primer contacto con la lectura fue en la escuela, en donde desde tercer grado, dedic\u00e1bamos tiempo para leer en clases. En ese \u201ctaller de lectura\u201d, como le llam\u00e1bamos, la maestra nos le\u00eda cuentos y nos hac\u00eda leerlos a nosotros. Un par de a\u00f1os despu\u00e9s casi todas las semanas ten\u00eda de tarea leer alg\u00fan libro de la biblioteca de la escuela, que a veces intercambi\u00e1bamos con compa\u00f1eros. Desde ah\u00ed, la lectura me empez\u00f3 a gustar mucho, y m\u00e1s cuando mi mam\u00e1 me llevaba a la biblioteca para elegir un libro, preferentemente de cuentos. En las vacaciones, casi siempre le\u00eda libros con muchas historias y personajes, para no aburrirme en los ratos en que no sab\u00eda que hacer. Me encantaba sentarme a leer e imaginarme todo lo que se estaba contando en el relato, era como si estuviera viendo o viviendo lo que le\u00eda. Cuando fui un poco m\u00e1s grande, segu\u00ed leyendo textos de todo tipo, pero adem\u00e1s, descubr\u00ed que me gustaba leer para aprender cosas nuevas, sobre cosas que me generaran inter\u00e9s. Le\u00eda de todo un poco, no ten\u00eda un libro o autor preferido, le\u00eda todo lo que me causara curiosidad y me atrapara a seguir leyendo. Podr\u00eda decir que me gusta bastante leer, aunque debo reconocer que en los \u00faltimos a\u00f1os la mayor\u00eda de lecturas de libros que realice fueron para la escuela. Esto no quiere decir que no haya le\u00eddo sobre temas que me gusten, nada m\u00e1s que ahora, gran parte de las lecturas son de textos de p\u00e1ginas webs o blogs.<br \/>\n<strong>Mayra L\u00f3pez<\/strong><\/p><\/blockquote>\n<blockquote><p>En primer lugar vale aclarar, sinceramente, que los libros de texto nunca fueron un gran fuerte en mi vida, m\u00e1s all\u00e1 de que desde chico eran mi principal distensi\u00f3n. Una vez mayor, y tras recibir mi primer computadora personal de regalo para mi cumplea\u00f1os, mis intereses fueron cambiando, y este aparato tecnol\u00f3gico hizo que los libros se alejen un poco.<br \/>\nA pesar de haber mencionado anteriormente que nunca fueron un gran fuerte en mi vida, vale destacar que no pasaba una noche sin dedicarle un rato a la lectura. Desde chico y desde antes que aprendiera a leer mis padres me le\u00edan cuentos que extra\u00edan de libros que aun conservo, mas adelante, una vez que aprend\u00ed a leer, era yo quien le\u00eda esos cuentos.<br \/>\nMas adelante, ya una vez mayor, los cuentos fueron dej\u00e1ndose de lado por historias mas complejas, por lo que recuerdo el primer libro que le\u00ed, fue el tomo numero una de a\u00fan colecci\u00f3n obsequiada por una t\u00eda, y fue: \u201cLas 20000 leguas del viaje en submarino\u201d de Julio Verne. Luego contin\u00fae leyendo libros de esa misma colecci\u00f3n. Por otro lado, en el colegio dedic\u00e1bamos unas horas semanales a realizar talleres de lecturas, en los que cada uno eleg\u00eda dentro de la biblioteca que era lo que quer\u00eda leer y luego de concluir realiz\u00e1bamos una ficha de lo le\u00eddo. Volviendo a algo que anteriormente mencione, pero que vale la pena aclarar, se puede decir que la tecnolog\u00eda hizo que cambie un poco los intereses y deje de lado un poco los libros, es por esto tambi\u00e9n que muchas veces ciertas actividades se tornan un poco dif\u00edciles para mi.<br \/>\n<strong>Johel Pastorino<\/strong><\/p><\/blockquote>\n<blockquote><p><strong>Mi experiencia con la lectura:<\/strong><br \/>\nNo recuerdo cuando empec\u00e9 a leer, pero si recuerdo que me fue llevando a eso. Cuando era mas chico me atra\u00edan las tiras de humor, Mafalda, Inodoro Pereyra, Sendra, etc. Ese fue mi primer contacto con la lectura. Pasando el tiempo fui avanzando hacia los libros.<br \/>\nNunca me gusto que me obligaran a leer, siempre prefer\u00eda leer libros que yo mismo eligiera o que me llamaran la atenci\u00f3n. Esto me llevo a que, en la secundaria, cada libro que me daban como tarea para leer se transformaba en un an\u00e1lisis sobre \u201clo leo o no lo leo\u201d. Hubo libros que no le\u00ed, y otros tantos que me decid\u00ed a leer, muchos me gustaron como \u201cFahrenheit 451\u201d de Ray Bradbury, \u201cRosaura a las Diez\u201d de Marco Denevi, \u201cEl Quijote de la mancha\u201d o \u201cFrankestein\u201d de Mary Shelley. Otros no fueron de mi agrado, principalmente siempre recuerdo a \u201cLa Metamorfosis\u201d de Franz Kafka.<br \/>\nAun as\u00ed siempre tengo presente a la lectura como un proceso agradable y relajante, por eso creo que, poco a poco, la fui implementando en mi vida diaria, y si bien leer no es uno de mis pasatiempos favoritos, hay dias en los que leer un libro es una reconfortante oferta. Entre los libros que mas me gustaron puedo mencionar \u201cRelato de un Naufrago\u201d de Gabriel Garc\u00eda M\u00e1rquez, \u201cEl Extra\u00f1o caso del Dr. Jekyll y Mr. Hyde\u201d de Robert L. Stevenson o los libros de la trilog\u00eda del Se\u00f1or de los Anillos y, por supuesto, nunca puedo negarme a un cuento del Negro Fontanarrosa.<br \/>\n<strong>Danilo Pozzi<\/strong><\/p><\/blockquote>\n<blockquote><p>Comenc\u00e9 a leer a conciencia reci\u00e9n en mis primeros a\u00f1os de secundario. Antes, me hab\u00edan regalado un Mart\u00edn Fierro usado, se podr\u00eda decir que ese fue mi primer libro, ten\u00eda 10 u 11 a\u00f1os, recuerdo que yo lo le\u00eda pero no llegaba a comprenderlo, sin embargo me lo memorizaba y despu\u00e9s se lo recitaba a mi familia, despu\u00e9s de todo, siempre consegu\u00eda algo a cambio.<br \/>\nCreo que fue ese Mart\u00edn Fierro el que me inici\u00f3 en la lectura. Despu\u00e9s de \u00e9l, comenc\u00e9 a \u201cdevorar\u201d cuanto libro se me cruzaba; le\u00ed algunos de Coelho, que hab\u00edan sido de mi hermana,  al mismo tiempo, me compraban los primeros de \u201cHarry Potter\u201d.<br \/>\nFue en la misma etapa que comenc\u00e9 con el g\u00e9nero misterio; les ped\u00eda plata a mis pap\u00e1s e iba sola a la librer\u00eda del centro de Col\u00f3n, donde vend\u00edan libros usados muy baratos, recuerdo haber comprado  los de Stephen King y Edgar Allan Poe y, un poco m\u00e1s adelante, los de Robin Cook.<br \/>\nEn ese primer tiempo acostumbraba leer a la hora de la siesta, porque en mi casa se dorm\u00eda, entonces yo aprovechaba para sentarme al sol con alg\u00fan libro, confiando en que mi vol\u00e1til imaginaci\u00f3n colaborase y  poder entretenerme esas horas.<br \/>\nYa ten\u00eda 14 o 15 a\u00f1os cuando tuve que empezar a llevar libros a la escuela y comentar sobre mis lecturas, la mayor\u00eda de las veces, recuerdo que presente monograf\u00edas y trabajos pr\u00e1cticos con libros de Isabel Allende, como \u201cLa Casa de los Esp\u00edritus\u201d, \u201cEva Luna\u201d, y \u201cDe amor y de Sombras\u201d.<br \/>\nLuego me interes\u00f3 otro tipo de lectura, que comenz\u00f3 con \u201cEl Diario de Ana Frank\u201d y sigui\u00f3 con libros m\u00e1s realistas y cr\u00edticos, con autores como Rodolfo Walsh, Eduardo Galeano, Mart\u00edn Caparr\u00f3s y otros m\u00e1s medi\u00e1ticos como Pigna y Lanata.<br \/>\nEn el \u00faltimo tiempo, se me ha dado m\u00e1s por leer autores cl\u00e1sicos de la literatura latinoamericana, como Benedetti, Cort\u00e1zar, Borges, S\u00e1bato, Garc\u00eda M\u00e1rquez, etc. Adem\u00e1s de algunas biograf\u00edas de vez en cuando, como la del Che Guevara escrita por Paco Taibo.<br \/>\nEn el medio de todo este proceso, debo contar que tambi\u00e9n he le\u00eddo cosas que no s\u00e9 ni en qu\u00e9 genero ubicarlas, fueron libros que me regalaron \u201ccuando estaban de moda\u201d. La mayor\u00eda resultaban ser poco profundos, y que a mi particularmente no me dejaron ninguna ense\u00f1anza ni ning\u00fan dato interesante; como los libros, por ejemplo, de Dan Brown, V\u00edctor Sueiro u otros compilados de cuentos como \u201cLa Vida te  Despeina\u201d, que me termin\u00f3 despeinando\u2026 \u00a1pero de la ira que me provoc\u00f3 que se pueda emitir un libro as\u00ed!<br \/>\nDe todos los libros y autores que le\u00ed, y de los que seguramente me estoy olvidando, puedo decir que siempre me han gustado cosas puntuales de cada uno; por ejemplo: me gusta mucho la simpleza de los poemas de Benedetti, el realismo m\u00e1gico de Garc\u00eda M\u00e1rquez, la ambig\u00fcedad de Cortazar, el detalle de las novelas de Isabel Allende, la objetividad y crudeza de Galeano.<br \/>\nY de las cosas que m\u00e1s me han impactado, si tendr\u00eda que destacar algo, seria sin duda, la valent\u00eda, dignidad y honestidad de Rodolfo Walsh.<br \/>\n<strong>Aixa Richard<\/strong><\/p><\/blockquote>\n<blockquote><p>No recuerdo exactamente cual fue el momento en el que empec\u00e9 a leer con mayor facilidad y de corrido. Algo que si guardo en mi memoria es la primera palabra que supe leer y escribir: mi nombre. Al principio me resultaba un poco dif\u00edcil, ya que el mismo cuenta con diez letras, era uno de los m\u00e1s largos de mi grupo del nivel inicial. Luego, con la pr\u00e1ctica, se me fue haciendo familiar y logr\u00e9 escribirlo correctamente.<br \/>\nEn la primera etapa escolar nos hac\u00edan leer peque\u00f1os textos o cuentos que aparec\u00edan en los libros de estudio. Pero no fue hasta cumplir once a\u00f1os cuando acced\u00ed por primera vez a un libro por mis propios medios, motivada por el inter\u00e9s que me produc\u00eda el tema y por lo que otros compa\u00f1eros me hab\u00edan contado acerca de la historia. Que se trataba de un chico mago, que exist\u00edan escuelas de magia y que ese mundo permanec\u00eda oculto de nuestro mundo real, era lo que yo sab\u00eda cuando tuve por primera vez el libro en mis manos. \u201cHarry Potter y la piedra filosofal\u201d era el t\u00edtulo impreso en la tapa, un t\u00edtulo que me llen\u00f3 de curiosidad y entusiasmo en entrar en el mundo de la magia que me estaba ofreciendo. P\u00e1gina tras p\u00e1gina, cap\u00edtulo tras cap\u00edtulo, me fui haciendo part\u00edcipe de la historia, fui compartiendo las aventuras, emociones y sentimientos junto con los personajes, fui conociendo las maravillas del mundo m\u00e1gico al mismo tiempo que el protagonista que, con mi misma edad, tampoco hab\u00eda tenido acceso al mundo m\u00e1gico hasta entonces. Sin dudas el libro me hab\u00eda atrapado, la narraci\u00f3n de esas aventuras me hab\u00eda conquistado. Tambi\u00e9n era un logro enorme para m\u00ed leer un libro de esa extensi\u00f3n a esa edad por primera vez. Al finalizarlo me d\u00ed cuenta de que no terminaba todo all\u00ed, que las aventuras tal vez continuar\u00edan en una pr\u00f3xima publicaci\u00f3n de esta saga de la que ya era fan\u00e1tica.<br \/>\nUn a\u00f1o atr\u00e1s lleg\u00f3 el ejemplar tan esperado. El \u00faltimo, el final de esta alucinarte historia, donde se revelar\u00edan todos los secretos que nos hab\u00edan llevado hasta all\u00ed. Las ansias por enterarse de cu\u00e1l ser\u00eda el destino del joven mago se mezclaban con las ganas de que contin\u00fae, de seguir leyendo m\u00e1s.<br \/>\nSiete fueron los libros que acompa\u00f1aron siete a\u00f1os de mi vida. En cada uno crec\u00ed junto a los personajes y tuve una aventura nueva para disfrutar, relatada por una autora que hoy admiro. Desde entonces descubr\u00ed lo que era la lectura por placer, y a disfrutar y aprender de ella.<br \/>\n<strong>Mar\u00eda Clara Tesei<\/strong><\/p><\/blockquote>\n<blockquote><p>Los primeros libros que empec\u00e9 a leer fueron \u201cQueridos Monstruos\u201d y \u201c\u00a1Socorro!\u201d de Elsa Bornemann, a los 12 a\u00f1os. Me los regal\u00f3 mi hermano mayor, que es un amante de la lectura, con la esperanza de que su regalo me hiciera tan adicta a los libros como es \u00e9l.<br \/>\nSi bien no cre\u00f3 en mi el mismo fanatismo por la lectura que \u00e9l tiene hace tiempo, logr\u00f3 que pudiera encari\u00f1arme con varios cuentos que hasta hoy recuerdo. Su lectura era f\u00e1cil y \u00e1gil y sus im\u00e1genes fant\u00e1sticas y atrapantes.<br \/>\nEra fascinante llegar de la escuela, dejar los ultimes en la mesa y despu\u00e9s de merendar irme a la cama con mi libro \u201c\u00a1Socorro!\u201d, para matar el aburrimiento.<br \/>\nDebo admitir que los planes de mi hermano no funcionaron inmediatamente porque no fue sin\u00f3 hasta que me encontraba en la escuela secundaria que el libro de Alberto Casona \u201cProhibido Suicidarse en Primavera\u201d, volvi\u00f3 a despertar en mi el gusto por la lectura. Me encant\u00f3. Si bien no era una obra larga me result\u00f3 muy entretenida y me caus\u00f3 placer leerla.<br \/>\nAl hablar de mis escasas experiencias de lecturas y admitiendo lo avergonzada que me siento por mi desidia hacia los libros, voy  a intentar hacerle caso a la musa que me regalo los libros a los 12 a\u00f1os y comprarme \u201cLas maquinarias de la noche\u201d, de Abelardo Castillo, poniendo toda mi fe en que me ayude a hacer de la lectura una nueva compa\u00f1\u00eda.<br \/>\n<strong>Mail\u00e9n Mart\u00edn<\/strong><\/p><\/blockquote>\n<blockquote><p>Hace un par de a\u00f1os atr\u00e1s, cuando ten\u00eda unos nueve, diez a\u00f1os, empec\u00e9 a relacionarme con los libros. Ya era una costumbre, retirar por semana un cuento de la biblioteca de mi escuela. Hubo un tiempo en el que dej\u00e9 de leer cuentos, y comenzaron a interesarme los libros de ciencias naturales, geograf\u00eda, lengua, etc.<br \/>\nAntes de dormir le\u00eda varias p\u00e1ginas. Cada noche, leer,  era mi compromiso.<br \/>\nEn el colegio, siempre era la primera en levantar la mano, para que me permitieran leer en voz alta los textos a tratar en las clases.<br \/>\nEn la secundaria, tuve mi primera verdadera experiencia con la lectura. Nunca dej\u00e9 de leer, pero en ning\u00fan momento un libro me hab\u00eda atrapado de esa manera. La profesora de lengua nos propuso que ley\u00e9ramos una novela, precisamente; \u201cCruzar la noche\u201d de Alicia Barberis.<br \/>\nFue una experiencia divina, las ganas, la necesidad de seguir leyendo. Cuestionarme todo el tiempo que era lo que estaba por suceder.<br \/>\nNo hab\u00eda rato libre en el d\u00eda, que no se lo dedicara a esta novela. Era m\u00e1s fuerte que yo, Y \u00e9ste fue el pie para que de ah\u00ed en m\u00e1s comenzara a leer novelas, ficciones. Este g\u00e9nero logra movilizar mi interior, despierta sensaciones y muchas veces logra dejarme pensando.<br \/>\nHoy, estoy leyendo \u201cEl Alquimista\u201d de Paulo Coelho. Ya forma parte de mis noches.<br \/>\n<strong>Joana Ricca<\/strong><\/p><\/blockquote>\n<blockquote><p>Cuando era ni\u00f1o, no me interesaba mucho la lectura. Es que leer me aburr\u00eda, por ende no ten\u00eda incluido el h\u00e1bito de leer.<br \/>\nA los 9 a\u00f1os comenc\u00e9 a bailar tango, en un taller que se realizaba en la Casa de la Cultura de mi pueblo en la cual, a su vez, funcionaba la sala infantil de la biblioteca municipal. Como era uno de los m\u00e1s chicos del grupo, el profesor dejaba de lado nuestros intereses y nos hac\u00eda esperar un buen rato, para luego s\u00ed, poner \u00e9nfasis en nuestro aprendizaje.<br \/>\nEn una de esas tantas esperas, mi compa\u00f1era de baile me pide que la acompa\u00f1e a la sala, ya que ten\u00eda que devolver varios libros que le hab\u00edan sido prestados. Al entrar nada me llamaba la atenci\u00f3n, empec\u00e9 a mirar algunos libros medios raros para mi gusto, hasta que llegu\u00e9 al \u00e1rea de las historietas. Yo no entend\u00eda mucho del tema pero igual empec\u00e9 a revolver la pila de libros que hab\u00eda all\u00ed. El primero que agarr\u00e9 era uno de Lucky Luke. Me interes\u00f3, ya que se trataba de una historia en la cual hab\u00eda peleas, y una especie de h\u00e9roe que siempre salvaba a alg\u00fan pueblo de cierta regi\u00f3n, dependiendo del cap\u00edtulo.<br \/>\nCada vez que ten\u00eda un rato libre en las clases de baile, me dirig\u00eda a la sala, directo a la secci\u00f3n Historietas. En una de esas tantas ojeadas, encuentro un libro que en su tapa ten\u00eda a dos hombres de aspectos totalmente diferentes, se trataba de Asterix y Obelix. Su historia me interes\u00f3 y me met\u00ed de lleno a leer sus andanzas, adem\u00e1s de ser interesantes sus batallas en contra del C\u00e9sar, tambi\u00e9n me interesaba porque recorr\u00edan varios pa\u00edses y regiones de Europa.<br \/>\nDe ah\u00ed en m\u00e1s la \u00fanica manera de sentarme a leer con concentraci\u00f3n era por medio de historietas, ya sean de acci\u00f3n, o de humor, como es el caso de Mafalda, Gaturro, Yo Mat\u00edas, Inodoro Pereyra.<br \/>\nEn general me acostumbr\u00e9 a leer esa clase de textos, pero en el colegio, tambi\u00e9n le\u00ed varias novelas, he le\u00eddo best Sellers como es el caso de El c\u00f3digo da Vinci.<br \/>\nMe interes\u00e9 en lecturas deportivas, ya sean relatos de f\u00fatbol, an\u00e9cdotas de alg\u00fan deporte, o biograf\u00edas de jugadores profesionales.<br \/>\nA los 16 a\u00f1os comenc\u00e9 a trabajar en un programa de radio y, a su vez, en la secci\u00f3n deportiva del diario de mi pueblo, es que la empresa, es Diario y Radio Actualidad, funciona dos en uno. Para poder realizar algunas columnas, deb\u00eda informarme leyendo fuentes de diversos diarios nacionales y zonales. Esta experiencia me ayud\u00f3 para acostumbrarme a leer diarios.<br \/>\nHoy en d\u00eda me intereso mucho en buscar informaci\u00f3n de diarios, de nuevos libros que han salido al mercado, sigo con la pasi\u00f3n de las historietas, de los relatos deportivos, en general he aprendido mucho de la lectura, y de vez en cuando hace bien leer un poco.<br \/>\n<strong>Francisco S\u00e1nchez<\/strong><\/p><\/blockquote>\n<blockquote><p>Desde peque\u00f1a en mi casa me le\u00edan cuentos infantiles y los que me gustaban lo relataba porque me los sab\u00eda de memoria y unos de ellos es \u201cLa bruja Berta\u201d.<br \/>\nCuando comenc\u00e9 el jard\u00edn me encantaba que me leyeran adivinanzas, trabalenguas, colmos y nanas que las descubr\u00ed en un libro de Elsa Isabel Bornemann. Luego mi gusto por la lectura sigui\u00f3 en la escuela primaria cuando me leyeron \u201cEl loro pelado\u201d de Horacio Quiroga y los cuentos de Gustavo Rold\u00e1n como  \u201cSapo en Buenos Aires\u201d y la leyenda del \u201cBicho Colorado\u201d.<br \/>\nA los 11 a\u00f1os le\u00ed mi primer libro sola \u201cMi planta de Naranja-lima\u201d de Jos\u00e9 Mauro de Vasconcelos. Lo eleg\u00ed porque me llamo la atenci\u00f3n su nombre, pero ahora me doy cuenta que tal vez era muy chica para entender muchas cosas.<br \/>\nLa historia que all\u00ed narra me hizo llorar y brotar dos sentimientos tristeza y soledad, pero a pesar de ello cuando puedo  vuelvo a leer sus p\u00e1ginas.<br \/>\nEn la escuela secundaria conoc\u00ed otros autores entre ellos Borges, Garc\u00eda M\u00e1rquez, Humberto Eco, Paulo Coelho Y Marcos Aguinis.<br \/>\nLe\u00ed \u201cComo agua para Chocolate\u201d de Laura Esquivel, \u201cDel amor y otros Demonios\u201d y  \u201cCr\u00f3nica de una muerte anunciada\u201d de Garc\u00eda M\u00e1rquez, \u201cEl nombre de la Rosa\u201d de Humberto Eco, \u201cLa gesta del marrano\u201d de Marcos Aguinis  y textos de Borges que siempre me daban dificultad para entenderlos  y los ten\u00eda que volver a releer.<br \/>\nA partir de todas mis experiencias con la lectura, puedo destacar a Neruda como unos de mis  escritores predilectos  junto  a Garc\u00eda M\u00e1rquez, porque son autores que siempre despiertan en m\u00ed  la imaginaci\u00f3n, sentimientos y las ganas de seguir leyendo.<br \/>\n<strong>Ofelia V\u00e1zquez Borda<\/strong><\/p><\/blockquote>\n<blockquote><p>La verdad era que nunca me gustaba leer, no me agradaban las horas de literatura es mas , odiaba cada vez que la profesora dec\u00eda bueno chicos ahora vamos a leer tal cuento, era algo que me pon\u00eda de mal humor y lo que menos me gustaba era que siempre terminaban todos menos yo (supongo que era porque al no leer mucho no tenia practica y por eso tardaba mucho).<br \/>\nFue en segundo a\u00f1o del poli modal cuando me empez\u00f3 a gustar la literatura, el motivo fue que ese a\u00f1o empezaron a atraparme las obras que le\u00edamos, me gustaba que la profe nos haga leer sobre en que movimiento literario en el que se ubicaba la obra, sus autores  y dem\u00e1s cosas. Me acuerdo que la primer obra que le\u00edmos fue \u201cEdipo Rey\u201d de S\u00f3focles una an\u00e9cdota muy graciosa de este libro fue el d\u00eda que tuvimos la evaluaci\u00f3n, me acuerdo que la mayor\u00eda hab\u00edan salido todos preocupados porque dec\u00edan que les hab\u00eda ido mal, yo estaba feliz porque pensaba que me hab\u00eda ido de maravillas, lo gracioso fue (y gracioso porque pasaron unos a\u00f1os, pero en eso momento no fue nada divertido) cuando entregaron los resultados, los que pensaban que les hab\u00eda ido mal la realidad era que no estaban tan mal, y yo que cre\u00eda que me hab\u00eda ido bien, la verdad era que mi evaluaci\u00f3n era un desastre, no lo pod\u00eda creer yo que hab\u00eda le\u00eddo una y otra vez la obra, que entend\u00eda todo lo que hab\u00eda pasado, que hab\u00eda estudiado todo, no hab\u00eda aprobado es mas creo que mi nota fue una de las mas bajas, despu\u00e9s de charlar con la profesora y ver mis errores, me di cuenta que hab\u00eda mezclado las cosas, la querer poner todo lo que sabia, hice una ensalada.<br \/>\nNuestro segundo libro a leer fue Don Juan de Moli\u00e9re, seguido por \u201cDon Quijote de la Mancha\u201d de Miguel de Cervantes, \u201cOtelo\u201d de William Shakespeare, \u201cLa Metamorfosis\u201d de Kafka, y algunos m\u00e1s que no recuerdo bien sus nombres. El a\u00f1o siguiente le\u00edmos \u201cMart\u00edn Fierro\u201d de Jos\u00e9 Hern\u00e1ndez, \u201cEl Avaro\u201d de Moli\u00e9re, \u201cEl T\u00fanel\u201d de Ernesto Sabato, entre otros, me acuerdo tambi\u00e9n que le\u00edmos cuentos como \u201cLa Gallina Degollada\u201d de Horacio Quiroga.<br \/>\nAhora puedo decir que me gusta la literatura, es mas las lecturas que a\u00f1os anteriores hab\u00eda le\u00eddo y no me gustaban, ahora me gustan, el motivo es ahora las leo con gusto.<br \/>\n<strong>Stefania Wotosyn<\/strong><\/p><\/blockquote>\n<blockquote><p>En mi vida no tuve muchas experiencias con lecturas, casi nunca leo novelas o libros, pero hace uno o dos a\u00f1os le\u00ed una novela que me gusto mucho, y despu\u00e9s vi la pel\u00edcula de esa obra, se llama \u201cTrainspotting\u201d  de Irvine Welsh, es una novela que me gusto mucho,  por como cuenta su obra y van pasando los hechos, escribe en un lenguaje que no muchos escritores escriben, en un lenguaje y en una jerga que no muchos manejan, gente de calle, gente com\u00fan.<br \/>\nCuando empec\u00e9 a  leer me atrapo mucho, cosa que otras obras no pudieron lograr el mismo efecto en m\u00ed.  Algunas cosas que no pude entender de la novela  pude entenderlas y relacionarlas reci\u00e9n cuando vi la pel\u00edcula. Empec\u00e9 a leerla en el verano a la noche cuando no sal\u00eda, me tomo un tiempo  porque no ten\u00eda mucha constancia. La novela la saque de la biblioteca de mi abuelo que falleci\u00f3 hace un par de a\u00f1os y la tengo guardada.<br \/>\nEn la secundaria le\u00eda muchos libros pero ninguno me gustaba, eran libros que no te dec\u00edan nada, que en mi opini\u00f3n a mi no me dejaban nada adentro, y perd\u00eda el entusiasmo  en leer,  pero leyendo esta obra me di cuenta los gustos que tengo para la literatura.<br \/>\n<strong>De la Cruz Ignacio<\/strong><\/p><\/blockquote>\n<blockquote><p>Cuando empez\u00f3 a interesarme mucho mas el cine empez\u00f3 tambi\u00e9n a gustarme mucho mas la lectura, ya que ve\u00eda muchas pel\u00edculas que me gustaban y estaban basadas en novelas o historias verdaderas, entonces me surgi\u00f3 el inter\u00e9s de encontrar esas novelas e historias y leerlas.<br \/>\nCreo que esa fue mi experiencia personal m\u00e1s significativa con la lectura, cuando realmente me di cuenta que no solamente ten\u00eda que leer las novelas obligatorias que me daban en el colegio sino tambi\u00e9n interesarme por novelas o una lectura mucho m\u00e1s interesantes para mi gusto, como por ejemplo  \u201cFear and Loathing in Las Vegas\u201d escrita por  Hunter S.Thompson o\u201d The Basketball Diaries\u201d de Jim Carroll y algunas otras m\u00e1s que cambiaron  mi idea respecto a la lectura y captaron mucho mas mi interes al sentarme a leer un libro como una actividad mucho m\u00e1s interesante que anteriormente solo hac\u00eda por obligaci\u00f3n.<br \/>\n<strong>De la Cruz Nicol\u00e1s<\/strong><\/p><\/blockquote>\n","protected":false},"excerpt":{"rendered":"<p>Pablo Picasso, &#8220;La lectura&#8221;, 1932 El Trabajo Pr\u00e1ctico 6: Memorias de lectura tienen tiempo hasta el 8 de mayo para hacerlo. Dentro del post nos cuentan y comparten sus experiencias.<\/p>\n","protected":false},"author":6,"featured_media":0,"comment_status":"open","ping_status":"closed","sticky":false,"template":"","format":"standard","meta":{"footnotes":""},"categories":[9],"tags":[],"_links":{"self":[{"href":"https:\/\/redaccion1.fcpolit.unr.edu.ar\/comision-mayol\/wp-json\/wp\/v2\/posts\/92"}],"collection":[{"href":"https:\/\/redaccion1.fcpolit.unr.edu.ar\/comision-mayol\/wp-json\/wp\/v2\/posts"}],"about":[{"href":"https:\/\/redaccion1.fcpolit.unr.edu.ar\/comision-mayol\/wp-json\/wp\/v2\/types\/post"}],"author":[{"embeddable":true,"href":"https:\/\/redaccion1.fcpolit.unr.edu.ar\/comision-mayol\/wp-json\/wp\/v2\/users\/6"}],"replies":[{"embeddable":true,"href":"https:\/\/redaccion1.fcpolit.unr.edu.ar\/comision-mayol\/wp-json\/wp\/v2\/comments?post=92"}],"version-history":[{"count":0,"href":"https:\/\/redaccion1.fcpolit.unr.edu.ar\/comision-mayol\/wp-json\/wp\/v2\/posts\/92\/revisions"}],"wp:attachment":[{"href":"https:\/\/redaccion1.fcpolit.unr.edu.ar\/comision-mayol\/wp-json\/wp\/v2\/media?parent=92"}],"wp:term":[{"taxonomy":"category","embeddable":true,"href":"https:\/\/redaccion1.fcpolit.unr.edu.ar\/comision-mayol\/wp-json\/wp\/v2\/categories?post=92"},{"taxonomy":"post_tag","embeddable":true,"href":"https:\/\/redaccion1.fcpolit.unr.edu.ar\/comision-mayol\/wp-json\/wp\/v2\/tags?post=92"}],"curies":[{"name":"wp","href":"https:\/\/api.w.org\/{rel}","templated":true}]}}