{"id":9,"date":"2006-04-25T19:28:52","date_gmt":"2006-04-25T19:28:52","guid":{"rendered":"http:\/\/fcpolit.unr.edu.ar\/blogs\/redaccion1-mayol\/2006\/04\/25\/musica-para-camaleones\/"},"modified":"2006-04-25T19:28:52","modified_gmt":"2006-04-25T19:28:52","slug":"musica-para-camaleones","status":"publish","type":"post","link":"https:\/\/redaccion1.fcpolit.unr.edu.ar\/comision-mayol\/2006\/04\/25\/musica-para-camaleones\/","title":{"rendered":"M\u00fasica para camaleones"},"content":{"rendered":"<p><img loading=\"lazy\" decoding=\"async\" alt=\"capote-truman-reducido.jpg\" src=\"http:\/\/www.dialogica.com.ar\/unr\/redaccion1\/mauricio\/archivos\/imagenes\/capote-truman-reducido.jpg\" width=\"85\" height=\"113\" align=\"left\" hspace=\"10\" \/>Truman Capote, el autor de <em>M\u00fasica para camaleones<\/em> fue un escritor estadounidense nacido en Nueva Orleans (Louisiana). A los 23 a\u00f1os public\u00f3 su primera novela, <em>Otras voces, otros \u00e1mbitos<\/em> (1948), en la que relata la b\u00fasqueda de identidad de un joven sure\u00f1o. Cabe citar adem\u00e1s <em>Un \u00e1rbol de noche y otros cuentos<\/em> (1949), <em>El arpa de hierba<\/em> (1951), <em>Se oyen las musas<\/em> (1956) y <em>Desayuno en Tiffany&#8217;s<\/em> (1958). Su novela m\u00e1s famosa es <em>A sangre fr\u00eda<\/em> (1966), una &#8216;novela-documento&#8217; que relata el asesinato, sin motivo aparente, de los cuatro miembros de una familia de Garden City, Kansas, llevada al cine en 1967 por Richard Brooks. Capote es tambi\u00e9n autor de una colecci\u00f3n de ensayos titulada <em>M\u00fasica para camaleones<\/em> (1980). Su obra fue aclamada por la cr\u00edtica por su virtuosismo t\u00e9cnico y la agudeza de sus observaciones. Capote muri\u00f3 el 25 de agosto de 1984 en Los \u00c1ngeles.<\/p>\n<p><!--more--><br \/>\nResumen texto <strong>Prefacio<\/strong> de <strong>M\u00fasica para Camaleones<\/strong> de Truman Capote<br \/>\nMi vida \u2013 como artista, por lo menos \u2013 puede ser proyectada en un gr\u00e1fico con la misma precisi\u00f3n que una fiebre, registr\u00e1ndose altos y bajos, ciclos espec\u00edficamente definidos.<br \/>\nComenc\u00e9 a escribir a los ocho a\u00f1os, inesperadamente, sin la inspiraci\u00f3n de un modelo. No conoc\u00eda a nadie que escribiera. En realidad, apenas si conoc\u00eda a alguien que leyera. El hecho era que s\u00f3lo cuatro cosas me interesaban: leer, ir al cine, zapatear y dibujar. Luego, un d\u00eda, empec\u00e9 a escribir, sin saber que me hab\u00eda encadenado, de por vida, a un amo noble pero despiadado. Cuando Dios nos ofrece un don, al mismo tiempo nos entrega un l\u00e1tigo, y \u00e9ste s\u00f3lo tiene por finalidad la autoflagelaci\u00f3n.<br \/>\nPero, naturalmente, yo no lo sab\u00eda. Yo escrib\u00eda historias de aventuras, novelas policiales, escenas c\u00f3micas, cuentos que me hab\u00edan narrado ex esclavos y veteranos de la Guerra Civil. Me divert\u00eda much\u00edsimo, al principio. Dej\u00e9 de divertirme cuando descubr\u00ed la diferencia entre escribir bien y mal, y luego hice un descubrimiento m\u00e1s alarmante a\u00fan: la diferencia entre escribir bien y el verdadero arte. Una diferencia sutil, pero feroz. Despu\u00e9s de eso, cay\u00f3 el l\u00e1tigo.<br \/>\nAs\u00ed como algunas personas practicaban el piano o el viol\u00edn cuatro y cinco horas diarias, yo practicaba con mis lapiceras y papeles. Sin embargo, no mostraba a nadie lo que hac\u00eda. Si alguien me preguntaba en qu\u00e9 estaba ocupado todo ese tiempo, les dec\u00eda que con mis tareas escolares. En realidad, nunca hac\u00eda tareas escolares. Las literarias me manten\u00edan totalmente ocupado: se trataba de mi aprendizaje en el altar de la t\u00e9cnica, del oficio, de las endiabladas complicaciones de la divisi\u00f3n en p\u00e1rrafos, la puntuaci\u00f3n, el empleo del di\u00e1logo, para no mencionar el gran dise\u00f1o total, el gran arco que exige comienzo, medio y final. Hab\u00eda que aprender, y de tantas fuentes: no s\u00f3lo de los libros, sino de la m\u00fasica, de la pintura, de la mera observaci\u00f3n cotidiana.<br \/>\n(&#8230;) Ya a los diecisiete a\u00f1os era un escritor consumado. De ser pianista, ese hubiera sido el momento propicio para el primer concierto en p\u00fablico. Siendo escritor, decid\u00ed que era el momento de publicar. Envi\u00e9 cuentos a las principales publicaciones literarias y a las revistas de distribuci\u00f3n nacional(&#8230;) Mis cuentos aparecieron, puntualmente, en las mismas.<br \/>\nLuego, en 1948, publiqu\u00e9 una novela: Otras voces, otros \u00e1mbitos. Fue bien recibida por la cr\u00edtica y result\u00f3 un best seller. (&#8230;) (Algunos comentaron) \u201cSorprendente que alguien tan joven pueda escribir tan bien\u201d. \u00bfSorprendente? \u00a1S\u00f3lo hac\u00eda catorce a\u00f1os que escrib\u00eda, d\u00eda tras d\u00eda!<br \/>\n(&#8230;) Durante diez a\u00f1os experiment\u00e9 con casi todos los estilos y formas literarios, intentando dominar una variedad de t\u00e9cnicas, lograr un virtuosismo tan fuerte y flexible como la red de un pescador. Por supuesto, fracas\u00e9 en varias de las \u00e1reas que ensay\u00e9, pero es verdad que uno aprende m\u00e1s del fracaso que del \u00e9xito. As\u00ed fue en mi caso, y m\u00e1s adelante pude aplicar con gran provecho lo que aprend\u00ed.<\/p>\n","protected":false},"excerpt":{"rendered":"<p>Truman Capote, el autor de M\u00fasica para camaleones fue un escritor estadounidense nacido en Nueva Orleans (Louisiana). A los 23 a\u00f1os public\u00f3 su primera novela, Otras voces, otros \u00e1mbitos (1948), en la que relata la b\u00fasqueda de identidad de un joven sure\u00f1o. Cabe citar adem\u00e1s Un \u00e1rbol de noche y otros cuentos (1949), El arpa [&hellip;]<\/p>\n","protected":false},"author":6,"featured_media":0,"comment_status":"open","ping_status":"closed","sticky":false,"template":"","format":"standard","meta":{"footnotes":""},"categories":[5],"tags":[],"_links":{"self":[{"href":"https:\/\/redaccion1.fcpolit.unr.edu.ar\/comision-mayol\/wp-json\/wp\/v2\/posts\/9"}],"collection":[{"href":"https:\/\/redaccion1.fcpolit.unr.edu.ar\/comision-mayol\/wp-json\/wp\/v2\/posts"}],"about":[{"href":"https:\/\/redaccion1.fcpolit.unr.edu.ar\/comision-mayol\/wp-json\/wp\/v2\/types\/post"}],"author":[{"embeddable":true,"href":"https:\/\/redaccion1.fcpolit.unr.edu.ar\/comision-mayol\/wp-json\/wp\/v2\/users\/6"}],"replies":[{"embeddable":true,"href":"https:\/\/redaccion1.fcpolit.unr.edu.ar\/comision-mayol\/wp-json\/wp\/v2\/comments?post=9"}],"version-history":[{"count":0,"href":"https:\/\/redaccion1.fcpolit.unr.edu.ar\/comision-mayol\/wp-json\/wp\/v2\/posts\/9\/revisions"}],"wp:attachment":[{"href":"https:\/\/redaccion1.fcpolit.unr.edu.ar\/comision-mayol\/wp-json\/wp\/v2\/media?parent=9"}],"wp:term":[{"taxonomy":"category","embeddable":true,"href":"https:\/\/redaccion1.fcpolit.unr.edu.ar\/comision-mayol\/wp-json\/wp\/v2\/categories?post=9"},{"taxonomy":"post_tag","embeddable":true,"href":"https:\/\/redaccion1.fcpolit.unr.edu.ar\/comision-mayol\/wp-json\/wp\/v2\/tags?post=9"}],"curies":[{"name":"wp","href":"https:\/\/api.w.org\/{rel}","templated":true}]}}