{"id":87,"date":"2009-04-12T20:25:03","date_gmt":"2009-04-12T20:25:03","guid":{"rendered":"http:\/\/fcpolit.unr.edu.ar\/blogs\/redaccion1-mayol\/2009\/04\/12\/actividades-clase-3\/"},"modified":"2009-04-12T20:25:03","modified_gmt":"2009-04-12T20:25:03","slug":"actividades-clase-3","status":"publish","type":"post","link":"https:\/\/redaccion1.fcpolit.unr.edu.ar\/comision-mayol\/2009\/04\/12\/actividades-clase-3\/","title":{"rendered":"Actividades clase 3"},"content":{"rendered":"<p><img loading=\"lazy\" decoding=\"async\" alt=\"Edward%20Hopper_Nighthawks.jpg\" src=\"http:\/\/www.bdp.org.ar\/facultad\/catedras\/comsoc\/redaccion1\/mayol\/Edward%20Hopper_Nighthawks.jpg\" width=\"400\" height=\"266\" \/><br \/>\n<em>Edward Hooper, &#8220;Noct\u00e1mbulos&#8221;, 1942<\/em><br \/>\nPara hacer durante la clase, en el aula y en la sala de Internet y un pr\u00e1ctico para enviar por mail.<\/p>\n<p><!--more--><br \/>\n<u>Trabajo en clase<\/u>:<br \/>\n<strong>Actividad 4:<\/strong> <a href=\"http:\/\/www.bdp.org.ar\/facultad\/catedras\/comsoc\/redaccion1\/unidades\/2008\/03\/a_que_audiencia_pertenecemos.php\">\u00bfA que audiencia pertenecemos?<\/a><br \/>\n<strong>Actividad 5:<\/strong> <a href=\"http:\/\/www.bdp.org.ar\/facultad\/catedras\/comsoc\/redaccion1\/mayol\/2008\/05\/taller_de_lectura_2_los_diario.php\">Diarios impresos vs diarios digitales.<\/a> Para esta actividad lean primero el texto de Eliseo Ver\u00f3n: <a href=\"http:\/\/www.bdp.org.ar\/facultad\/catedras\/comsoc\/redaccion1\/unidades\/2008\/03\/la_materia_significante_y_la_i.php\">La materia significante y la infraestructura material del mensaje<\/a>.<br \/>\n<strong>TRABAJO PRACTICO 3<\/strong><br \/>\n1. Le\u00e9 este fragmento de noticia:<\/p>\n<blockquote><p><strong>Escriben cuento m\u00e1s corto en lengua hispana<\/strong><br \/>\n<em>&#8220;-\u00bfOlvida usted algo?- Ojal\u00e1&#8221;. <\/em>Texto del mexicano Luis Felipe G. Lomel\u00ed, titulado <em>El emigrante<\/em>, que incluy\u00f3 en su libro <em>Ella sigue de viaje<\/em><br \/>\nNotimex &#8211; El Universal &#8211; M\u00e9xico<br \/>\nMartes 17 de mayo de 2005<br \/>\nPor arriba del famoso <em>El dinosaurio<\/em> de Augusto Monterroso, el cuento m\u00e1s breve, por lo menos en lengua hispana, lo escribi\u00f3 Luis Felipe G. Lomel\u00ed, titulado <em>El emigrante<\/em>, que incluy\u00f3 en su libro <em>Ella sigue de viaje<\/em>: <strong>&#8220;-\u00bfOlvida usted algo?- Ojal\u00e1&#8221;.<\/strong><br \/>\n(\u2026.)<\/p><\/blockquote>\n<p>2) Reflexion\u00e1 sobre el cuento corto de Lomel\u00ed relacion\u00e1ndolo con estos dos temas de la Unidad 1: <a href=\"http:\/\/www.bdp.org.ar\/facultad\/catedras\/comsoc\/redaccion1\/unidades\/2003\/03\/no_todos_comprendemos_lo_mismo.php\">No todos comprendemos lo mismo<\/a> y <a href=\"http:\/\/www.bdp.org.ar\/facultad\/catedras\/comsoc\/redaccion1\/unidades\/2003\/04\/memorias_a_largo_plazo_y_a_cor.php\">Memoria a corto y largo plazo.<\/a><br \/>\n3) Inclu\u00ed para ejemplificar alguna experiencia o an\u00e9cdota tuya o de alg\u00fan conocido relacionada al tema del cuento y los textos.<br \/>\nExtensi\u00f3n: 15 l\u00edneas. Pres\u00e9ntalo por correo hasta el 20\/4.<\/p>\n","protected":false},"excerpt":{"rendered":"<p>Edward Hooper, &#8220;Noct\u00e1mbulos&#8221;, 1942 Para hacer durante la clase, en el aula y en la sala de Internet y un pr\u00e1ctico para enviar por mail.<\/p>\n","protected":false},"author":6,"featured_media":0,"comment_status":"open","ping_status":"closed","sticky":false,"template":"","format":"standard","meta":{"footnotes":""},"categories":[10],"tags":[],"_links":{"self":[{"href":"https:\/\/redaccion1.fcpolit.unr.edu.ar\/comision-mayol\/wp-json\/wp\/v2\/posts\/87"}],"collection":[{"href":"https:\/\/redaccion1.fcpolit.unr.edu.ar\/comision-mayol\/wp-json\/wp\/v2\/posts"}],"about":[{"href":"https:\/\/redaccion1.fcpolit.unr.edu.ar\/comision-mayol\/wp-json\/wp\/v2\/types\/post"}],"author":[{"embeddable":true,"href":"https:\/\/redaccion1.fcpolit.unr.edu.ar\/comision-mayol\/wp-json\/wp\/v2\/users\/6"}],"replies":[{"embeddable":true,"href":"https:\/\/redaccion1.fcpolit.unr.edu.ar\/comision-mayol\/wp-json\/wp\/v2\/comments?post=87"}],"version-history":[{"count":0,"href":"https:\/\/redaccion1.fcpolit.unr.edu.ar\/comision-mayol\/wp-json\/wp\/v2\/posts\/87\/revisions"}],"wp:attachment":[{"href":"https:\/\/redaccion1.fcpolit.unr.edu.ar\/comision-mayol\/wp-json\/wp\/v2\/media?parent=87"}],"wp:term":[{"taxonomy":"category","embeddable":true,"href":"https:\/\/redaccion1.fcpolit.unr.edu.ar\/comision-mayol\/wp-json\/wp\/v2\/categories?post=87"},{"taxonomy":"post_tag","embeddable":true,"href":"https:\/\/redaccion1.fcpolit.unr.edu.ar\/comision-mayol\/wp-json\/wp\/v2\/tags?post=87"}],"curies":[{"name":"wp","href":"https:\/\/api.w.org\/{rel}","templated":true}]}}