{"id":85,"date":"2009-03-30T17:29:43","date_gmt":"2009-03-30T17:29:43","guid":{"rendered":"http:\/\/fcpolit.unr.edu.ar\/blogs\/redaccion1-mayol\/2009\/03\/30\/clase-2-y-actividad-2\/"},"modified":"2009-03-30T17:29:43","modified_gmt":"2009-03-30T17:29:43","slug":"clase-2-y-actividad-2","status":"publish","type":"post","link":"https:\/\/redaccion1.fcpolit.unr.edu.ar\/comision-mayol\/2009\/03\/30\/clase-2-y-actividad-2\/","title":{"rendered":"Clase 2 y Actividad 2"},"content":{"rendered":"<p><img loading=\"lazy\" decoding=\"async\" alt=\"Edward%20Hopper_Rooms%20by%20the%20Sea.jpg\" src=\"http:\/\/www.bdp.org.ar\/facultad\/catedras\/comsoc\/redaccion1\/mayol\/Edward%20Hopper_Rooms%20by%20the%20Sea.jpg\" width=\"284\" height=\"229\" \/><br \/>\n<em>Edward Hopper, &#8220;Habitaci\u00f3n junto al mar&#8221;, 1951<\/em><br \/>\nLa pr\u00f3xima clase la daremos en el <strong>Aula 210<\/strong> a las <strong>11<\/strong>. Tienen que realizar durante la semana la Actividad 2 y leer los Textos Base y Textos Fuente que pongo dentro del post.<\/p>\n<p><!--more--><br \/>\n<u>Textos Base<\/u>:<br \/>\n<a href=\"http:\/\/www.bdp.org.ar\/facultad\/catedras\/comsoc\/redaccion1\/unidades\/2003\/03\/dimension_compleja_de_la_escri.php\">Dimensi\u00f3n compleja de la escritura<\/a><br \/>\n<a href=\"http:\/\/www.bdp.org.ar\/facultad\/catedras\/comsoc\/redaccion1\/unidades\/2003\/04\/aprendizajes_espontaneo_y_comp.php\">Aprendizajes espont\u00e1neo y comprometido<\/a><br \/>\n<a href=\"http:\/\/www.bdp.org.ar\/facultad\/catedras\/comsoc\/redaccion1\/unidades\/2003\/04\/la_escritura_como_proceso_cogn.php\">La escritura como proceso cognitivo y comunicativo<\/a><br \/>\n<a href=\"http:\/\/www.bdp.org.ar\/facultad\/catedras\/comsoc\/redaccion1\/unidades\/2003\/04\/un_modelo_teorico_para_entende.php\">Un modelo te\u00f3rico para entender el mundo del escritor<\/a><br \/>\n<a href=\"http:\/\/www.bdp.org.ar\/facultad\/catedras\/comsoc\/redaccion1\/unidades\/2003\/04\/importancia_de_la_etapa_de_pla.php\">Importancia de la etapa de planificaci\u00f3n de la escritura<\/a><br \/>\n<a href=\"http:\/\/www.bdp.org.ar\/facultad\/catedras\/comsoc\/redaccion1\/unidades\/2003\/05\/los_borradores_testigos_de_la.php\">Los borradores, testigos de la recursividad del proceso de escritura<\/a><br \/>\n<u>Texto Complementario<\/u>:<br \/>\n<a href=\"http:\/\/www.bdp.org.ar\/facultad\/catedras\/comsoc\/redaccion1\/unidades\/2003\/03\/inspiracion.php\">Inspiraci\u00f3n<\/a> &#8211; Roberto FONTANARROSA<br \/>\nLos Textos Fuente salen de los links de los Textos Base. Recuerden no realizar ning\u00fan Pr\u00e1ctico ni Actividad que no sea especificamente se\u00f1alada en los posteos de la comisi\u00f3n. Los textos Complementarios son de lectura optativa y recomendada, cuando sean obligatorios se indicar\u00e1 con el link correspondiente.<br \/>\n<strong>ACTIVIDAD 2<\/strong><br \/>\nNaveg\u00e1 libremente por nuestro weblog y redact\u00e1 luego un texto donde cuentes tu experiencia, el recorrido que hiciste, las dificultades o facilidades que encontraste, eval\u00faes la experiencia, hagas alguna sugerencia y des una opini\u00f3n sobre la modalidad de dictado de esta materia. Sub\u00ed el texto que redactaste a los comentarios de este post. Redact\u00e1 un texto con contenido suficiente para poder evaluar la actividad (8 o 10 l\u00edneas m\u00ednimo).<\/p>\n<blockquote><p>El objetivo de esta actividad era que se introduzcan en el weblog de la materia, sin guias sino de manera m\u00e1s espont\u00e1nea y puedan evaluar el funcionamiento del mismo y entrar en la l\u00f3gica del cursado y estudio de Redacci\u00f3n que tendr\u00e1n durante el a\u00f1o. Lo hicieron (los que lo hicieron) muy bien, les agradecemos las opiniones y como una cuesti\u00f3n pr\u00e1ctica, les sugerimos ampliar la letra utilizando las teclas <strong>CTRL +<\/strong>  o <strong>CTRL<\/strong> y la ruedita del <strong>mouse<\/strong> hacia arriba o abajo para agrandar y reducir la letra.<br \/>\nCon el tema de los colores y links un poco apagados coincido totalmente, pero es el estilo de dise\u00f1o del weblog de toda la facultad.<br \/>\nNos vemos ma\u00f1ana. Recuerden que la actividad vence a las 12 de la noche como en el cuento.<br \/>\n<strong>APROBADOS<\/strong><br \/>\nBEISERMAN Federico<br \/>\nBENITEZ LISOSKI Tom\u00e1s<br \/>\nBISANG Gabriel<br \/>\nBISIACCO Florencia<br \/>\nBOERO Luciana<br \/>\nBOSSIO Maril\u00edn<br \/>\nBUFFA Kevin<br \/>\nCABRAL Alejandro<br \/>\nCARRA Federico<br \/>\nCHAVEZ Estefan\u00eda<br \/>\nCISNEROS Nicol\u00e1s<br \/>\nCORREA Irene<br \/>\nDE LA CRUZ, Ignacio<br \/>\nDE LA CRUZ, Nicolas<br \/>\nFREIRE Guadalupe<br \/>\nGARC\u00cdA KARL Candelaria<br \/>\nLOPEZ Mart\u00edn<br \/>\nLOPEZ Mayra<br \/>\nMESTRE Julia<br \/>\nNIDD Santiago<br \/>\nPASTORINO Johel<br \/>\nPEREZ Manuela<br \/>\nPRADOS Mar\u00eda Sol<br \/>\nPRIM\u00d3N Sabrina<br \/>\nRICCA Joana<br \/>\nRICHARD Aixa<br \/>\nSANCHEZ Francisco<br \/>\nTABACMAN David<br \/>\nTESEI Mar\u00eda Clara<br \/>\nV\u00c1ZQUEZ BORDA Ofelia<br \/>\nWOTOSZYN Stefania<br \/>\n<strong>Actividad Finalizada<\/strong><\/p><\/blockquote>\n","protected":false},"excerpt":{"rendered":"<p>Edward Hopper, &#8220;Habitaci\u00f3n junto al mar&#8221;, 1951 La pr\u00f3xima clase la daremos en el Aula 210 a las 11. Tienen que realizar durante la semana la Actividad 2 y leer los Textos Base y Textos Fuente que pongo dentro del post.<\/p>\n","protected":false},"author":6,"featured_media":0,"comment_status":"open","ping_status":"closed","sticky":false,"template":"","format":"standard","meta":{"footnotes":""},"categories":[10],"tags":[],"_links":{"self":[{"href":"https:\/\/redaccion1.fcpolit.unr.edu.ar\/comision-mayol\/wp-json\/wp\/v2\/posts\/85"}],"collection":[{"href":"https:\/\/redaccion1.fcpolit.unr.edu.ar\/comision-mayol\/wp-json\/wp\/v2\/posts"}],"about":[{"href":"https:\/\/redaccion1.fcpolit.unr.edu.ar\/comision-mayol\/wp-json\/wp\/v2\/types\/post"}],"author":[{"embeddable":true,"href":"https:\/\/redaccion1.fcpolit.unr.edu.ar\/comision-mayol\/wp-json\/wp\/v2\/users\/6"}],"replies":[{"embeddable":true,"href":"https:\/\/redaccion1.fcpolit.unr.edu.ar\/comision-mayol\/wp-json\/wp\/v2\/comments?post=85"}],"version-history":[{"count":0,"href":"https:\/\/redaccion1.fcpolit.unr.edu.ar\/comision-mayol\/wp-json\/wp\/v2\/posts\/85\/revisions"}],"wp:attachment":[{"href":"https:\/\/redaccion1.fcpolit.unr.edu.ar\/comision-mayol\/wp-json\/wp\/v2\/media?parent=85"}],"wp:term":[{"taxonomy":"category","embeddable":true,"href":"https:\/\/redaccion1.fcpolit.unr.edu.ar\/comision-mayol\/wp-json\/wp\/v2\/categories?post=85"},{"taxonomy":"post_tag","embeddable":true,"href":"https:\/\/redaccion1.fcpolit.unr.edu.ar\/comision-mayol\/wp-json\/wp\/v2\/tags?post=85"}],"curies":[{"name":"wp","href":"https:\/\/api.w.org\/{rel}","templated":true}]}}