{"id":824,"date":"2014-10-08T14:49:24","date_gmt":"2014-10-08T14:49:24","guid":{"rendered":"http:\/\/fcpolit.unr.edu.ar\/blogs\/redaccion1-mayol\/?p=824"},"modified":"2014-10-08T14:49:24","modified_gmt":"2014-10-08T14:49:24","slug":"trabajo-practico-relato-semiestructurado-2","status":"publish","type":"post","link":"https:\/\/redaccion1.fcpolit.unr.edu.ar\/comision-mayol\/2014\/10\/08\/trabajo-practico-relato-semiestructurado-2\/","title":{"rendered":"Trabajo Pr\u00e1ctico: Relato semiestructurado"},"content":{"rendered":"<p><strong>por Mauricio MAYOL<\/strong><\/p>\n<p>El siguiente es un trabajo pr\u00e1ctico para realizar durante la clase.<\/p>\n<p><!--more--><\/p>\n<p><span style=\"text-decoration: underline\">Objetivos<\/span>:<\/p>\n<ul>\n<li>Utilizar\u00a0las categor\u00edas de la <a href=\"https:\/\/blogs.fcpolit.unr.edu.ar\/programa\/2008\/04\/12\/estructuras-narrativas-teun-van-dijk\/\">superestructura narrativa<\/a> de van Dijk, visualizar su funci\u00f3n e importancia en la construcci\u00f3n de los relatos y elaborar una producci\u00f3n de escritura colaborativa en el aula.<\/li>\n<li>Practicar las nociones de <a href=\"https:\/\/blogs.fcpolit.unr.edu.ar\/programa\/2008\/04\/12\/analisis-estructural-de-los-relatos-roland-barthes\/\">Funciones y Acciones<\/a> como categor\u00edas necesarias participantes en los relatos seg\u00fan Barthes.<\/li>\n<\/ul>\n<p><span style=\"text-decoration: underline\">Temas relacionados por unidades<\/span>:<\/p>\n<p>Unidad VI: S<a href=\"https:\/\/blogs.fcpolit.unr.edu.ar\/programa\/2008\/04\/12\/estructuras-narrativas-teun-van-dijk\/\" target=\"_blank\" rel=\"noopener\">uperestructura narrativa<\/a>\u00a0&#8211; <a href=\"https:\/\/blogs.fcpolit.unr.edu.ar\/programa\/2008\/04\/12\/analisis-estructural-de-los-relatos-roland-barthes\/\" target=\"_blank\" rel=\"noopener\">An\u00e1lisis estructural de los relatos<\/a>.<\/p>\n<p>Unidad III: <a href=\"https:\/\/blogs.fcpolit.unr.edu.ar\/programa\/2008\/03\/13\/generos-textuales-y-prosas-de-base-maria-teresa-serafini\/\" target=\"_blank\" rel=\"noopener\">G\u00e9neros y tramas<\/a>.<\/p>\n<p>Unidad IV: <a href=\"https:\/\/blogs.fcpolit.unr.edu.ar\/programa\/2008\/03\/19\/factores-de-la-coherencia-m-isabel-de-gregorio-y-m-cristina-rebola\/\" target=\"_blank\" rel=\"noopener\">Factores de coherencia<\/a>.<\/p>\n<p>Unidad I:\u00a0<a href=\"https:\/\/blogs.fcpolit.unr.edu.ar\/programa\/2008\/03\/11\/proposiciones-y-mundo-posible-teun-van-dijk\/\" target=\"_blank\" rel=\"noopener\">Mundo posible<\/a>.<\/p>\n<p>&nbsp;<\/p>\n<p><span style=\"text-decoration: underline\"><span style=\"color: #333333;font-family: 'Georgia','serif'\">CONSIGNA<\/span><\/span><span style=\"color: #333333;font-family: 'Georgia','serif'\">:<\/span><\/p>\n<ol>\n<li>Dividirse en grupos<\/li>\n<li>Cada grupo elegir un g\u00e9nero, personaje y marco, intercalando cualquiera de los elementos de cada columna del cuadro<\/li>\n<li>Escribir un relato breve utilizando para ello las categor\u00edas de <a href=\"https:\/\/blogs.fcpolit.unr.edu.ar\/programa\/2008\/04\/12\/estructuras-narrativas-teun-van-dijk\/\" target=\"_blank\" rel=\"noopener\">superestructura narrativa<\/a>.<\/li>\n<\/ol>\n<p>&nbsp;<\/p>\n<table>\n<tbody>\n<tr>\n<td width=\"141\"><strong>G\u00c9NERO<\/strong><\/td>\n<td width=\"142\"><strong>PERSONAJE<\/strong><\/td>\n<td width=\"198\"><strong>MARCO<\/strong><\/td>\n<\/tr>\n<tr>\n<td width=\"141\">Humor<\/td>\n<td width=\"142\">Hombre anciano<\/td>\n<td width=\"198\">Rosario en un futuro cercano<\/td>\n<\/tr>\n<tr>\n<td width=\"141\">Terror<\/td>\n<td width=\"142\">Mujer polic\u00eda<\/td>\n<td width=\"198\">Europa en guerra<\/td>\n<\/tr>\n<tr>\n<td width=\"141\">Ciencia Ficci\u00f3n<\/td>\n<td width=\"142\">Pareja de ni\u00f1os<\/td>\n<td width=\"198\">Argentina a\u00f1os 70<\/td>\n<\/tr>\n<tr>\n<td width=\"141\">Policial<\/td>\n<td width=\"142\">Joven sin rostro<\/td>\n<td width=\"198\">Buenos Aires por la noche<\/td>\n<\/tr>\n<tr>\n<td width=\"141\">Drama<\/td>\n<td width=\"142\">Ser mitol\u00f3gico<\/td>\n<td width=\"198\">Islas del Paran\u00e1<\/td>\n<\/tr>\n<tr>\n<td width=\"141\">Hist\u00f3rico<\/td>\n<td width=\"142\">Animal dom\u00e9stico<\/td>\n<td width=\"198\">Pueblo desconocido<\/td>\n<\/tr>\n<\/tbody>\n<\/table>\n<p>&nbsp;<\/p>\n<p>&nbsp;<\/p>\n","protected":false},"excerpt":{"rendered":"<p>por Mauricio MAYOL El siguiente es un trabajo pr\u00e1ctico para realizar durante la clase.<\/p>\n","protected":false},"author":6,"featured_media":0,"comment_status":"open","ping_status":"open","sticky":false,"template":"","format":"standard","meta":{"footnotes":""},"categories":[17,3],"tags":[],"_links":{"self":[{"href":"https:\/\/redaccion1.fcpolit.unr.edu.ar\/comision-mayol\/wp-json\/wp\/v2\/posts\/824"}],"collection":[{"href":"https:\/\/redaccion1.fcpolit.unr.edu.ar\/comision-mayol\/wp-json\/wp\/v2\/posts"}],"about":[{"href":"https:\/\/redaccion1.fcpolit.unr.edu.ar\/comision-mayol\/wp-json\/wp\/v2\/types\/post"}],"author":[{"embeddable":true,"href":"https:\/\/redaccion1.fcpolit.unr.edu.ar\/comision-mayol\/wp-json\/wp\/v2\/users\/6"}],"replies":[{"embeddable":true,"href":"https:\/\/redaccion1.fcpolit.unr.edu.ar\/comision-mayol\/wp-json\/wp\/v2\/comments?post=824"}],"version-history":[{"count":0,"href":"https:\/\/redaccion1.fcpolit.unr.edu.ar\/comision-mayol\/wp-json\/wp\/v2\/posts\/824\/revisions"}],"wp:attachment":[{"href":"https:\/\/redaccion1.fcpolit.unr.edu.ar\/comision-mayol\/wp-json\/wp\/v2\/media?parent=824"}],"wp:term":[{"taxonomy":"category","embeddable":true,"href":"https:\/\/redaccion1.fcpolit.unr.edu.ar\/comision-mayol\/wp-json\/wp\/v2\/categories?post=824"},{"taxonomy":"post_tag","embeddable":true,"href":"https:\/\/redaccion1.fcpolit.unr.edu.ar\/comision-mayol\/wp-json\/wp\/v2\/tags?post=824"}],"curies":[{"name":"wp","href":"https:\/\/api.w.org\/{rel}","templated":true}]}}