{"id":81,"date":"2008-10-23T18:18:21","date_gmt":"2008-10-23T18:18:21","guid":{"rendered":"http:\/\/fcpolit.unr.edu.ar\/blogs\/redaccion1-mayol\/2008\/10\/23\/trabajo-integrador-iii\/"},"modified":"2008-10-23T18:18:21","modified_gmt":"2008-10-23T18:18:21","slug":"trabajo-integrador-iii","status":"publish","type":"post","link":"https:\/\/redaccion1.fcpolit.unr.edu.ar\/comision-mayol\/2008\/10\/23\/trabajo-integrador-iii\/","title":{"rendered":"Trabajo Integrador III"},"content":{"rendered":"<p><img loading=\"lazy\" decoding=\"async\" alt=\"exman%20selectividad-recorte-90.jpg\" src=\"http:\/\/www.bdp.org.ar\/facultad\/catedras\/comsoc\/redaccion1\/mayol\/exman%20selectividad-recorte-90.jpg\" width=\"484\" height=\"263\" \/> Imagen: www.e-faro.info<br \/>\nEl <strong>29 de octubre<\/strong> tomaremos el <strong>Tercer Trabajo Integrador<\/strong>, \u00faltimo de este a\u00f1o. Entran los textos base y fuente de las <strong>Unidades VI y VII<\/strong>.<br \/>\nAc\u00e1 mismo pondr\u00e9 las notas del <strong>Parcial<\/strong> y el <strong>Recuperatorio<\/strong>, que ser\u00e1 el <strong>5 de noviembre<\/strong>.<\/p>\n<p><!--more--><\/p>\n<blockquote><p><strong>NOTAS TRABAJO INTEGRADOR III<\/strong><br \/>\nAvaca, Bernardo &#8211; <strong>RECUPERATORIO<\/strong><br \/>\nBenetti, Ramiro &#8211; <strong>9 NUEVE<\/strong><br \/>\nBlanco, Ana &#8211; <strong>RECUPERATORIO<\/strong><br \/>\nBonacossa, Juan Francisco &#8211; <strong>10 DIEZ<\/strong><br \/>\nCarattoli, Natal\u00ed &#8211; <strong>8 OCHO<\/strong><br \/>\nCid, Guillermo &#8211; <strong>9 NUEVE<\/strong><br \/>\nDelmastro, Daiana &#8211; <strong>RECUPERATORIO<\/strong><br \/>\nDeminas, Juan &#8211; <strong>6 SEIS<\/strong><br \/>\nFeroglio, Manuel &#8211; <strong>AUSENTE<\/strong><br \/>\nFerrazini, Sof\u00eda &#8211; <strong>RECUPERATORIO<\/strong><br \/>\nFigueredo, Betsab\u00e9 &#8211; <strong>AUSENTE<\/strong><br \/>\nFlorez, Mariana &#8211; <strong>6 SEIS<\/strong><br \/>\nFreggiaro, Mat\u00edas &#8211; <strong>AUSENTE<\/strong><br \/>\nGarbarino, Mar\u00eda P\u00eda &#8211; <strong>6 SEIS<\/strong><br \/>\nGarc\u00eda, Florencia &#8211; <strong>RECUPERATORIO<\/strong><br \/>\nMachuca, Federico &#8211; <strong>RECUPERATORIO<\/strong><br \/>\nMart\u00edn, Anah\u00ed &#8211; <strong>AUSENTE<\/strong><br \/>\nOca\u00f1a, Melisa &#8211; <strong>7 SIETE<\/strong><br \/>\nOrtigoza, Anal\u00eda &#8211; <strong>AUSENTE<\/strong><br \/>\nParoni, Agostina &#8211; <strong>RECUPERATORIO<\/strong><br \/>\nPiqu\u00e9, Mar\u00eda Emilia &#8211; <strong>8 OCHO<\/strong><br \/>\nPungrau, Mar\u00eda Florencia &#8211; <strong>9 NUEVE<\/strong><br \/>\nRam\u00edrez, Martina &#8211; <strong>8 OCHO<\/strong><br \/>\nRodr\u00edguez, Pablo &#8211; <strong>6 SEIS<\/strong><br \/>\nRoude, Angela &#8211; <strong>6 SEIS<\/strong><br \/>\nTestol\u00edn, Florencia &#8211; <strong>AUSENTE<\/strong><br \/>\nTrabattoni, Mat\u00edas &#8211; <strong>RECUPERATORIO<\/strong><br \/>\nVallejos, Pilar &#8211; <strong>RECUPERATORIO<\/strong><\/p><\/blockquote>\n<blockquote><p><strong>NOTAS RECUPERATORIO<\/strong><br \/>\nAvaca, Bernardo &#8211; <strong>6 SEIS<\/strong><br \/>\nBlanco, Ana &#8211; <strong>AUSENTE<\/strong><br \/>\nDelmastro, Daiana &#8211; <strong>6 SEIS<\/strong><br \/>\nFeroglio, Manuel &#8211; <strong>AUSENTE<\/strong><br \/>\nFerrazini, Sof\u00eda &#8211; <strong>7 SIETE<\/strong><br \/>\nFigueredo, Betsab\u00e9 &#8211; <strong>AUSENTE<\/strong><br \/>\nFreggiaro, Mat\u00edas &#8211; <strong>7 SIETE<\/strong><br \/>\nGarc\u00eda, Florencia &#8211; <strong>6 SEIS<\/strong><br \/>\nMachuca, Federico &#8211; <strong>3 TRES<\/strong><br \/>\nMart\u00edn, Anah\u00ed &#8211; <strong>6 SEIS<\/strong><br \/>\nOrtigoza, Anal\u00eda &#8211; <strong>3 TRES<\/strong><br \/>\nParoni, Agostina &#8211; <strong>AUSENTE<\/strong><br \/>\nTestol\u00edn, Florencia &#8211; <strong>8 OCHO<\/strong><br \/>\nTrabattoni, Mat\u00edas &#8211; <strong>3 TRES<\/strong><br \/>\nVallejos, Pilar &#8211; <strong>7 SIETE<\/strong><\/p><\/blockquote>\n","protected":false},"excerpt":{"rendered":"<p>Imagen: www.e-faro.info El 29 de octubre tomaremos el Tercer Trabajo Integrador, \u00faltimo de este a\u00f1o. Entran los textos base y fuente de las Unidades VI y VII. Ac\u00e1 mismo pondr\u00e9 las notas del Parcial y el Recuperatorio, que ser\u00e1 el 5 de noviembre.<\/p>\n","protected":false},"author":6,"featured_media":0,"comment_status":"open","ping_status":"closed","sticky":false,"template":"","format":"standard","meta":{"footnotes":""},"categories":[8],"tags":[],"_links":{"self":[{"href":"https:\/\/redaccion1.fcpolit.unr.edu.ar\/comision-mayol\/wp-json\/wp\/v2\/posts\/81"}],"collection":[{"href":"https:\/\/redaccion1.fcpolit.unr.edu.ar\/comision-mayol\/wp-json\/wp\/v2\/posts"}],"about":[{"href":"https:\/\/redaccion1.fcpolit.unr.edu.ar\/comision-mayol\/wp-json\/wp\/v2\/types\/post"}],"author":[{"embeddable":true,"href":"https:\/\/redaccion1.fcpolit.unr.edu.ar\/comision-mayol\/wp-json\/wp\/v2\/users\/6"}],"replies":[{"embeddable":true,"href":"https:\/\/redaccion1.fcpolit.unr.edu.ar\/comision-mayol\/wp-json\/wp\/v2\/comments?post=81"}],"version-history":[{"count":0,"href":"https:\/\/redaccion1.fcpolit.unr.edu.ar\/comision-mayol\/wp-json\/wp\/v2\/posts\/81\/revisions"}],"wp:attachment":[{"href":"https:\/\/redaccion1.fcpolit.unr.edu.ar\/comision-mayol\/wp-json\/wp\/v2\/media?parent=81"}],"wp:term":[{"taxonomy":"category","embeddable":true,"href":"https:\/\/redaccion1.fcpolit.unr.edu.ar\/comision-mayol\/wp-json\/wp\/v2\/categories?post=81"},{"taxonomy":"post_tag","embeddable":true,"href":"https:\/\/redaccion1.fcpolit.unr.edu.ar\/comision-mayol\/wp-json\/wp\/v2\/tags?post=81"}],"curies":[{"name":"wp","href":"https:\/\/api.w.org\/{rel}","templated":true}]}}