{"id":80,"date":"2008-10-17T17:51:06","date_gmt":"2008-10-17T17:51:06","guid":{"rendered":"http:\/\/fcpolit.unr.edu.ar\/blogs\/redaccion1-mayol\/2008\/10\/17\/clase-especial-a-distancia\/"},"modified":"2008-10-17T17:51:06","modified_gmt":"2008-10-17T17:51:06","slug":"clase-especial-a-distancia","status":"publish","type":"post","link":"https:\/\/redaccion1.fcpolit.unr.edu.ar\/comision-mayol\/2008\/10\/17\/clase-especial-a-distancia\/","title":{"rendered":"Clase especial a distancia"},"content":{"rendered":"<p><img loading=\"lazy\" decoding=\"async\" alt=\"pensar-40.jpg\" src=\"http:\/\/www.bdp.org.ar\/facultad\/catedras\/comsoc\/redaccion1\/mayol\/pensar-40.jpg\" width=\"180\" height=\"142\" align=\"right\" hspace=\"10\" \/> La siguiente clase es un resumen de los textos fuente de la Unidad VII y una aplicaci\u00f3n de las formas argumentativas a textos del periodismo de opini\u00f3n. Para esta clase especial, con la que finalizamos los temas de la unidad de argumentaci\u00f3n, tienen que leer:<br \/>\n<a href=\"http:\/\/www.bdp.org.ar\/facultad\/catedras\/comsoc\/redaccion1\/mayol\/2008\/10\/argumentacion_y_periodismo_de.php#more\">Argumentaci\u00f3n y periodismo de opini\u00f3n I<\/a><br \/>\n<a href=\"http:\/\/www.bdp.org.ar\/facultad\/catedras\/comsoc\/redaccion1\/mayol\/2008\/10\/argumentacion_y_periodismo_de_1.php#more\">Argumentaci\u00f3n y periodismo de opini\u00f3n II<\/a><br \/>\nY realizar el <strong>Trabajo Pr\u00e1ctico 24:<\/strong> <a href=\"http:\/\/www.bdp.org.ar\/facultad\/catedras\/comsoc\/redaccion1\/mayol\/2008\/10\/yo_opino.php#more\">Yo opino.<\/a><br \/>\nComo saben este es el \u00faltimo trabajo pr\u00e1ctico del a\u00f1o. Tienen tiempo para enviarlo hasta el 24 de octubre.<\/p>\n","protected":false},"excerpt":{"rendered":"<p>La siguiente clase es un resumen de los textos fuente de la Unidad VII y una aplicaci\u00f3n de las formas argumentativas a textos del periodismo de opini\u00f3n. Para esta clase especial, con la que finalizamos los temas de la unidad de argumentaci\u00f3n, tienen que leer: Argumentaci\u00f3n y periodismo de opini\u00f3n I Argumentaci\u00f3n y periodismo de [&hellip;]<\/p>\n","protected":false},"author":6,"featured_media":0,"comment_status":"open","ping_status":"closed","sticky":false,"template":"","format":"standard","meta":{"footnotes":""},"categories":[8],"tags":[],"_links":{"self":[{"href":"https:\/\/redaccion1.fcpolit.unr.edu.ar\/comision-mayol\/wp-json\/wp\/v2\/posts\/80"}],"collection":[{"href":"https:\/\/redaccion1.fcpolit.unr.edu.ar\/comision-mayol\/wp-json\/wp\/v2\/posts"}],"about":[{"href":"https:\/\/redaccion1.fcpolit.unr.edu.ar\/comision-mayol\/wp-json\/wp\/v2\/types\/post"}],"author":[{"embeddable":true,"href":"https:\/\/redaccion1.fcpolit.unr.edu.ar\/comision-mayol\/wp-json\/wp\/v2\/users\/6"}],"replies":[{"embeddable":true,"href":"https:\/\/redaccion1.fcpolit.unr.edu.ar\/comision-mayol\/wp-json\/wp\/v2\/comments?post=80"}],"version-history":[{"count":0,"href":"https:\/\/redaccion1.fcpolit.unr.edu.ar\/comision-mayol\/wp-json\/wp\/v2\/posts\/80\/revisions"}],"wp:attachment":[{"href":"https:\/\/redaccion1.fcpolit.unr.edu.ar\/comision-mayol\/wp-json\/wp\/v2\/media?parent=80"}],"wp:term":[{"taxonomy":"category","embeddable":true,"href":"https:\/\/redaccion1.fcpolit.unr.edu.ar\/comision-mayol\/wp-json\/wp\/v2\/categories?post=80"},{"taxonomy":"post_tag","embeddable":true,"href":"https:\/\/redaccion1.fcpolit.unr.edu.ar\/comision-mayol\/wp-json\/wp\/v2\/tags?post=80"}],"curies":[{"name":"wp","href":"https:\/\/api.w.org\/{rel}","templated":true}]}}