{"id":79,"date":"2008-10-17T17:20:22","date_gmt":"2008-10-17T17:20:22","guid":{"rendered":"http:\/\/fcpolit.unr.edu.ar\/blogs\/redaccion1-mayol\/2008\/10\/17\/yo-opino\/"},"modified":"2008-10-17T17:20:22","modified_gmt":"2008-10-17T17:20:22","slug":"yo-opino","status":"publish","type":"post","link":"https:\/\/redaccion1.fcpolit.unr.edu.ar\/comision-mayol\/2008\/10\/17\/yo-opino\/","title":{"rendered":"Yo opino"},"content":{"rendered":"<p><strong>TRABAJO PR\u00c1CTICO<\/strong><\/p>\n<p><!--more--><br \/>\n<u>Consigna<\/u>:<br \/>\nVer el video del discurso final de la pel\u00edcula <strong>El Gran Dictador<\/strong> (Chaplin, 1940) y luego optar por:<br \/>\n1. Utilizar el discurso de Chaplin como texto motivador para escribir una argumentaci\u00f3n dial\u00e9ctica.<br \/>\n2. Elegir una fotograf\u00eda o un video de youtube sobre un tema controvertido que te interese. Mandar el link del video o la fotograf\u00eda adjunta, y redactar una argumentaci\u00f3n dial\u00e9ctica.<\/p>\n","protected":false},"excerpt":{"rendered":"<p>TRABAJO PR\u00c1CTICO<\/p>\n","protected":false},"author":6,"featured_media":0,"comment_status":"open","ping_status":"closed","sticky":false,"template":"","format":"standard","meta":{"footnotes":""},"categories":[8],"tags":[],"_links":{"self":[{"href":"https:\/\/redaccion1.fcpolit.unr.edu.ar\/comision-mayol\/wp-json\/wp\/v2\/posts\/79"}],"collection":[{"href":"https:\/\/redaccion1.fcpolit.unr.edu.ar\/comision-mayol\/wp-json\/wp\/v2\/posts"}],"about":[{"href":"https:\/\/redaccion1.fcpolit.unr.edu.ar\/comision-mayol\/wp-json\/wp\/v2\/types\/post"}],"author":[{"embeddable":true,"href":"https:\/\/redaccion1.fcpolit.unr.edu.ar\/comision-mayol\/wp-json\/wp\/v2\/users\/6"}],"replies":[{"embeddable":true,"href":"https:\/\/redaccion1.fcpolit.unr.edu.ar\/comision-mayol\/wp-json\/wp\/v2\/comments?post=79"}],"version-history":[{"count":0,"href":"https:\/\/redaccion1.fcpolit.unr.edu.ar\/comision-mayol\/wp-json\/wp\/v2\/posts\/79\/revisions"}],"wp:attachment":[{"href":"https:\/\/redaccion1.fcpolit.unr.edu.ar\/comision-mayol\/wp-json\/wp\/v2\/media?parent=79"}],"wp:term":[{"taxonomy":"category","embeddable":true,"href":"https:\/\/redaccion1.fcpolit.unr.edu.ar\/comision-mayol\/wp-json\/wp\/v2\/categories?post=79"},{"taxonomy":"post_tag","embeddable":true,"href":"https:\/\/redaccion1.fcpolit.unr.edu.ar\/comision-mayol\/wp-json\/wp\/v2\/tags?post=79"}],"curies":[{"name":"wp","href":"https:\/\/api.w.org\/{rel}","templated":true}]}}