{"id":65,"date":"2008-08-24T20:45:13","date_gmt":"2008-08-24T20:45:13","guid":{"rendered":"http:\/\/fcpolit.unr.edu.ar\/blogs\/redaccion1-mayol\/2008\/08\/24\/clase-14-a-distancia\/"},"modified":"2008-08-24T20:45:13","modified_gmt":"2008-08-24T20:45:13","slug":"clase-14-a-distancia","status":"publish","type":"post","link":"https:\/\/redaccion1.fcpolit.unr.edu.ar\/comision-mayol\/2008\/08\/24\/clase-14-a-distancia\/","title":{"rendered":"Clase 14 a distancia"},"content":{"rendered":"<p><img loading=\"lazy\" decoding=\"async\" alt=\"fantini_1-50.jpg\" src=\"http:\/\/www.bdp.org.ar\/facultad\/catedras\/comsoc\/redaccion1\/mayol\/fantini_1-50.jpg\" width=\"175\" height=\"132\" align=\"left\" hspace=\"10\" \/> El mi\u00e9rcoles de esta semana hay paro docente y se abre con esto un periodo de suspensi\u00f3n de las clases en la comisi\u00f3n debido al Congreso de la Democracia que se realiza en la Facultad la primer semana de setiembre y mi posterior licencia por concurso la segunda semana. Por esto el tema que nos queda por ver de la <strong>Unidad 4<\/strong> lo haremos a distancia.<\/p>\n<p><!--more--><br \/>\nPara esto tienen que leer:<br \/>\n<strong>Textos Base:<\/strong> <a href=\"http:\/\/www.bdp.org.ar\/facultad\/catedras\/comsoc\/redaccion1\/unidades\/2008\/04\/conectividad.php\">Conectividad.<\/a> <a href=\"http:\/\/www.bdp.org.ar\/facultad\/catedras\/comsoc\/redaccion1\/unidades\/2008\/04\/cohesion.php\">Cohesi\u00f3n.<\/a><br \/>\n<strong>Textos Fuente:<\/strong> <a href=\"http:\/\/www.bdp.org.ar\/facultad\/catedras\/comsoc\/redaccion1\/unidades\/2008\/03\/factores_de_la_coherencia.php\">Factores de la coherencia.<\/a> <a href=\"http:\/\/www.bdp.org.ar\/facultad\/catedras\/comsoc\/redaccion1\/unidades\/2008\/03\/concepto_de_conectividad.php\">Concepto de conectividad.<\/a><br \/>\nRealizar el <strong>Trabajo Pr\u00e1ctico 19:<\/strong> <a href=\"http:\/\/www.bdp.org.ar\/facultad\/catedras\/comsoc\/redaccion1\/unidades\/2008\/04\/dos_lecturas.php\">Dos lecturas<\/a>. Tienen tiempo hasta el <strong>31 de agosto<\/strong> para enviarlo.<br \/>\nPara una gu\u00eda de estudio de la unidad pueden consultar: <a href=\"http:\/\/www.bdp.org.ar\/facultad\/catedras\/comsoc\/redaccion1\/unidades\/2008\/07\/guia_de_estudio_unidad_4.php\">Gu\u00eda de estudio Unidad 4.<\/a><br \/>\nLas consultas sobre los temas de la clase, o cualquier otra duda que se les presente en el estudio de la unidad, las pueden hacer por mail o en el espacio de comentarios.<\/p>\n","protected":false},"excerpt":{"rendered":"<p>El mi\u00e9rcoles de esta semana hay paro docente y se abre con esto un periodo de suspensi\u00f3n de las clases en la comisi\u00f3n debido al Congreso de la Democracia que se realiza en la Facultad la primer semana de setiembre y mi posterior licencia por concurso la segunda semana. Por esto el tema que nos [&hellip;]<\/p>\n","protected":false},"author":6,"featured_media":0,"comment_status":"open","ping_status":"closed","sticky":false,"template":"","format":"standard","meta":{"footnotes":""},"categories":[8],"tags":[],"_links":{"self":[{"href":"https:\/\/redaccion1.fcpolit.unr.edu.ar\/comision-mayol\/wp-json\/wp\/v2\/posts\/65"}],"collection":[{"href":"https:\/\/redaccion1.fcpolit.unr.edu.ar\/comision-mayol\/wp-json\/wp\/v2\/posts"}],"about":[{"href":"https:\/\/redaccion1.fcpolit.unr.edu.ar\/comision-mayol\/wp-json\/wp\/v2\/types\/post"}],"author":[{"embeddable":true,"href":"https:\/\/redaccion1.fcpolit.unr.edu.ar\/comision-mayol\/wp-json\/wp\/v2\/users\/6"}],"replies":[{"embeddable":true,"href":"https:\/\/redaccion1.fcpolit.unr.edu.ar\/comision-mayol\/wp-json\/wp\/v2\/comments?post=65"}],"version-history":[{"count":0,"href":"https:\/\/redaccion1.fcpolit.unr.edu.ar\/comision-mayol\/wp-json\/wp\/v2\/posts\/65\/revisions"}],"wp:attachment":[{"href":"https:\/\/redaccion1.fcpolit.unr.edu.ar\/comision-mayol\/wp-json\/wp\/v2\/media?parent=65"}],"wp:term":[{"taxonomy":"category","embeddable":true,"href":"https:\/\/redaccion1.fcpolit.unr.edu.ar\/comision-mayol\/wp-json\/wp\/v2\/categories?post=65"},{"taxonomy":"post_tag","embeddable":true,"href":"https:\/\/redaccion1.fcpolit.unr.edu.ar\/comision-mayol\/wp-json\/wp\/v2\/tags?post=65"}],"curies":[{"name":"wp","href":"https:\/\/api.w.org\/{rel}","templated":true}]}}