{"id":424,"date":"2013-04-08T12:46:28","date_gmt":"2013-04-08T12:46:28","guid":{"rendered":"http:\/\/fcpolit.unr.edu.ar\/blogs\/redaccion1-mayol\/?p=424"},"modified":"2013-04-08T12:46:28","modified_gmt":"2013-04-08T12:46:28","slug":"clase-2-escribir-y-redactar","status":"publish","type":"post","link":"https:\/\/redaccion1.fcpolit.unr.edu.ar\/comision-mayol\/2013\/04\/08\/clase-2-escribir-y-redactar\/","title":{"rendered":"Clase 2: Escribir y redactar"},"content":{"rendered":"<p>Para la segunda clase leer los siguientes textos base (con sus correspondientes links a los textos fuente):<\/p>\n<p><a href=\"https:\/\/blogs.fcpolit.unr.edu.ar\/programa\/2003\/03\/31\/dimension-compleja-de-la-escritura-t-base-1\/\" target=\"_blank\" rel=\"noopener\">Dimensi\u00f3n compleja de la escritura<\/a><\/p>\n<p><a href=\"https:\/\/blogs.fcpolit.unr.edu.ar\/programa\/2003\/04\/04\/aprendizajes-espontaneo-y-comprometido-t-base-2\/\" target=\"_blank\" rel=\"noopener\">Aprendizajes espont\u00e1neo y comprometido<\/a><\/p>\n<p><a href=\"https:\/\/blogs.fcpolit.unr.edu.ar\/programa\/2003\/04\/05\/la-escritura-como-proceso-cognitivo-y-comunicativo-t-base-3\/\" target=\"_blank\" rel=\"noopener\">La escritura como proceso cognitivo y comunicativo<\/a><\/p>\n<p><a href=\"https:\/\/blogs.fcpolit.unr.edu.ar\/programa\/2003\/04\/05\/un-modelo-teorico-para-entender-el-mundo-del-escritor-t-base-4\/\" target=\"_blank\" rel=\"noopener\">Un modelo te\u00f3rico para entender el mundo del escritor<\/a><\/p>\n<p>&nbsp;<\/p>\n","protected":false},"excerpt":{"rendered":"<p>Para la segunda clase leer los siguientes textos base (con sus correspondientes links a los textos fuente): Dimensi\u00f3n compleja de la escritura Aprendizajes espont\u00e1neo y comprometido La escritura como proceso cognitivo y comunicativo Un modelo te\u00f3rico para entender el mundo del escritor &nbsp;<\/p>\n","protected":false},"author":6,"featured_media":0,"comment_status":"open","ping_status":"open","sticky":false,"template":"","format":"standard","meta":{"footnotes":""},"categories":[16],"tags":[],"_links":{"self":[{"href":"https:\/\/redaccion1.fcpolit.unr.edu.ar\/comision-mayol\/wp-json\/wp\/v2\/posts\/424"}],"collection":[{"href":"https:\/\/redaccion1.fcpolit.unr.edu.ar\/comision-mayol\/wp-json\/wp\/v2\/posts"}],"about":[{"href":"https:\/\/redaccion1.fcpolit.unr.edu.ar\/comision-mayol\/wp-json\/wp\/v2\/types\/post"}],"author":[{"embeddable":true,"href":"https:\/\/redaccion1.fcpolit.unr.edu.ar\/comision-mayol\/wp-json\/wp\/v2\/users\/6"}],"replies":[{"embeddable":true,"href":"https:\/\/redaccion1.fcpolit.unr.edu.ar\/comision-mayol\/wp-json\/wp\/v2\/comments?post=424"}],"version-history":[{"count":0,"href":"https:\/\/redaccion1.fcpolit.unr.edu.ar\/comision-mayol\/wp-json\/wp\/v2\/posts\/424\/revisions"}],"wp:attachment":[{"href":"https:\/\/redaccion1.fcpolit.unr.edu.ar\/comision-mayol\/wp-json\/wp\/v2\/media?parent=424"}],"wp:term":[{"taxonomy":"category","embeddable":true,"href":"https:\/\/redaccion1.fcpolit.unr.edu.ar\/comision-mayol\/wp-json\/wp\/v2\/categories?post=424"},{"taxonomy":"post_tag","embeddable":true,"href":"https:\/\/redaccion1.fcpolit.unr.edu.ar\/comision-mayol\/wp-json\/wp\/v2\/tags?post=424"}],"curies":[{"name":"wp","href":"https:\/\/api.w.org\/{rel}","templated":true}]}}