{"id":34,"date":"2008-04-10T18:41:36","date_gmt":"2008-04-10T18:41:36","guid":{"rendered":"http:\/\/fcpolit.unr.edu.ar\/blogs\/redaccion1-mayol\/2008\/04\/10\/proxima-clase-sala-de-internet\/"},"modified":"2008-04-10T18:41:36","modified_gmt":"2008-04-10T18:41:36","slug":"proxima-clase-sala-de-internet","status":"publish","type":"post","link":"https:\/\/redaccion1.fcpolit.unr.edu.ar\/comision-mayol\/2008\/04\/10\/proxima-clase-sala-de-internet\/","title":{"rendered":"Pr\u00f3xima clase: sala de Internet"},"content":{"rendered":"<p><img loading=\"lazy\" decoding=\"async\" alt=\"lista%20alumnos50%25.JPG\" src=\"http:\/\/www.bdp.org.ar\/facultad\/catedras\/comsoc\/redaccion1\/mayol\/lista%20alumnos50%25.JPG\" width=\"160\" height=\"120\" align=\"left\" hspace=\"10\" \/> Bueno, aunque no lo parezca \u00e9sta es la lista de alumnos anotados en la comisi\u00f3n que me dieron en alumnado. Con este material uno hace lo que puede y \u00e9sto fue comprobar la correspondencia entre lista y asistencia a clase. Dentro del post encontrar\u00e1n interesantes resultados.<br \/>\nPero antes que nada les comento que el pr\u00f3ximo mi\u00e9rcoles <strong>16\/4<\/strong> daremos clase en la <strong>Sala de Internet<\/strong> del primer piso, en los siguientes horarios:<br \/>\nDe <strong>11 a 12,30 <\/strong>alumnos con apellidos de la letra <strong>&#8220;A&#8221;<\/strong> hasta la <strong>&#8220;K&#8221;<\/strong><br \/>\nDe <strong>12,30 a 14 <\/strong>alumnos con apellidos de la letra <strong>&#8220;L&#8221;<\/strong> hasta la <strong>&#8220;Z&#8221;<\/strong>.<br \/>\nEsta distribuci\u00f3n es provisoria y quedar\u00e1 a confirmaci\u00f3n seg\u00fan los alumnos definitivos que queden en lista.<br \/>\nBueno, para su control, pasen y vean.<\/p>\n<p><!--more--><br \/>\nEn la lista entregada figuran los siguientes alumnos:<br \/>\nArchenti, Leiden<br \/>\nAvaca, Bernardo<br \/>\nBarbieri, Ornela<br \/>\nBenitez, Noelia<br \/>\nBlanco, Ana<br \/>\nBonasean, Natalia<br \/>\nBungrau, Mar\u00eda Florencia<br \/>\nCarattoli, Matal\u00ed<br \/>\nCid, Guillermo<br \/>\nDelmastro, Daiana<br \/>\nFeroglio, Manuel<br \/>\nFerrazini, Sof\u00eda<br \/>\nFigueredo, Betsab\u00e9<br \/>\nFlorez, Mariana<br \/>\nFreggiaro, Mat\u00edas<br \/>\nGallardo, Flavio<br \/>\nGarbarino, Mar\u00eda P\u00eda<br \/>\nGarc\u00eda, Florencia<br \/>\nIllesca, Hern\u00e1n<br \/>\nLo Re, Sof\u00eda<br \/>\nMachuca, Federico<br \/>\nMart\u00edn, Anah\u00ed<br \/>\nOca\u00f1a, Melisa<br \/>\nOrtigoza, Anal\u00eda<br \/>\nPalermo, Daniela<br \/>\nParoni, Agostina<br \/>\nPiqu\u00e9, Mar\u00eda Elena<br \/>\nRam\u00edrez, Mart\u00edna<br \/>\nRismant, Julieta<br \/>\nRivero, Antonela<br \/>\nRodr\u00edguez, Pablo<br \/>\nRomero Acu\u00f1a, Arturo<br \/>\nRoud\u00e9, Angela<br \/>\nTestol\u00edn, Florencia<br \/>\nTrabattoni, Mat\u00edas<br \/>\nM\u00e1s estos otros anotados en el guaran\u00ed:<br \/>\nBarulich, Mar\u00eda<br \/>\nPalma, Tom\u00e1s<br \/>\nSpiaggi, Mat\u00edas<br \/>\nVallejos, Pilar<br \/>\nNadie m\u00e1s, observen que hay gente que fue a la clase y no est\u00e1 en lista. Es posible que se hayan anotado a otras comisiones, por lo que deber\u00e1n asistir a la correspondiente comisi\u00f3n, ya que no se pueden agregar alumnos a la lista de alumnado y cada comisi\u00f3n tiene un cupo de 40 personas.<br \/>\nPor favor, no hagan movidas sin autorizaci\u00f3n.<\/p>\n","protected":false},"excerpt":{"rendered":"<p>Bueno, aunque no lo parezca \u00e9sta es la lista de alumnos anotados en la comisi\u00f3n que me dieron en alumnado. Con este material uno hace lo que puede y \u00e9sto fue comprobar la correspondencia entre lista y asistencia a clase. Dentro del post encontrar\u00e1n interesantes resultados. Pero antes que nada les comento que el pr\u00f3ximo [&hellip;]<\/p>\n","protected":false},"author":6,"featured_media":0,"comment_status":"open","ping_status":"closed","sticky":false,"template":"","format":"standard","meta":{"footnotes":""},"categories":[8],"tags":[],"_links":{"self":[{"href":"https:\/\/redaccion1.fcpolit.unr.edu.ar\/comision-mayol\/wp-json\/wp\/v2\/posts\/34"}],"collection":[{"href":"https:\/\/redaccion1.fcpolit.unr.edu.ar\/comision-mayol\/wp-json\/wp\/v2\/posts"}],"about":[{"href":"https:\/\/redaccion1.fcpolit.unr.edu.ar\/comision-mayol\/wp-json\/wp\/v2\/types\/post"}],"author":[{"embeddable":true,"href":"https:\/\/redaccion1.fcpolit.unr.edu.ar\/comision-mayol\/wp-json\/wp\/v2\/users\/6"}],"replies":[{"embeddable":true,"href":"https:\/\/redaccion1.fcpolit.unr.edu.ar\/comision-mayol\/wp-json\/wp\/v2\/comments?post=34"}],"version-history":[{"count":0,"href":"https:\/\/redaccion1.fcpolit.unr.edu.ar\/comision-mayol\/wp-json\/wp\/v2\/posts\/34\/revisions"}],"wp:attachment":[{"href":"https:\/\/redaccion1.fcpolit.unr.edu.ar\/comision-mayol\/wp-json\/wp\/v2\/media?parent=34"}],"wp:term":[{"taxonomy":"category","embeddable":true,"href":"https:\/\/redaccion1.fcpolit.unr.edu.ar\/comision-mayol\/wp-json\/wp\/v2\/categories?post=34"},{"taxonomy":"post_tag","embeddable":true,"href":"https:\/\/redaccion1.fcpolit.unr.edu.ar\/comision-mayol\/wp-json\/wp\/v2\/tags?post=34"}],"curies":[{"name":"wp","href":"https:\/\/api.w.org\/{rel}","templated":true}]}}