{"id":2957,"date":"2024-10-23T10:49:10","date_gmt":"2024-10-23T13:49:10","guid":{"rendered":"https:\/\/redaccion1.fcpolit.unr.edu.ar\/comision-mayol\/?p=2957"},"modified":"2024-10-16T10:01:10","modified_gmt":"2024-10-16T13:01:10","slug":"textos-narrativos","status":"publish","type":"post","link":"https:\/\/redaccion1.fcpolit.unr.edu.ar\/comision-mayol\/2024\/10\/23\/textos-narrativos\/","title":{"rendered":"Textos Narrativos"},"content":{"rendered":"<p>En esta tercera parte de la Unidad 4 veremos los siguientes autores:<br \/>\n<a href=\"https:\/\/drive.google.com\/file\/d\/1_xuo6s_u3NHWC5N0wHRPRI3glos9JV5g\/view?usp=sharing\" target=\"_blank\" rel=\"noopener\">La forma inicial<\/a> (Piglia)<br \/>\n<a href=\"https:\/\/drive.google.com\/file\/d\/1ju8wGocHboYpAoatd1_EULA5HYLWGD25\/view?usp=sharing\" target=\"_blank\" rel=\"noopener\">La narraci\u00f3n<\/a> (Calsamiglia y Tus\u00f3n)<br \/>\n<a href=\"https:\/\/drive.google.com\/file\/d\/1Z4OPiLhIt9m9iXAtXRxlVhL6oBNJrdwQ\/view?usp=sharing\" target=\"_blank\" rel=\"noopener\">La cr\u00f3nica<\/a> (Salcedo Ramos)<br \/>\nPara leer en clase:<\/p>\n<p><a href=\"https:\/\/www.elciudadanoweb.com\/pasaje-pan-un-pasado-fuerte-y-un-presente-artistico-atravesados-por-un-fantasma-deambulador\/\" target=\"_blank\" rel=\"noopener\">Pasaje Pan<\/a><\/p>\n<p><a href=\"https:\/\/redaccion1.fcpolit.unr.edu.ar\/comision-mayol\/2023\/10\/15\/la-extrana-desaparicion-del-frances-que-tocaba-la-trompeta-junto-al-rio\/\" target=\"_blank\" rel=\"noopener\">La extra\u00f1a desaparici\u00f3n del franc\u00e9s que tocaba la trompeta junto al r\u00edo<\/a><\/p>\n<p>&nbsp;<\/p>\n","protected":false},"excerpt":{"rendered":"<p>En esta tercera parte de la Unidad 4 veremos los siguientes autores: La forma inicial (Piglia) La narraci\u00f3n (Calsamiglia y Tus\u00f3n) La cr\u00f3nica (Salcedo Ramos) Para leer en clase: Pasaje Pan La extra\u00f1a desaparici\u00f3n del franc\u00e9s que tocaba la trompeta junto al r\u00edo &nbsp;<\/p>\n","protected":false},"author":43,"featured_media":0,"comment_status":"closed","ping_status":"open","sticky":false,"template":"","format":"standard","meta":{"footnotes":""},"categories":[29],"tags":[],"_links":{"self":[{"href":"https:\/\/redaccion1.fcpolit.unr.edu.ar\/comision-mayol\/wp-json\/wp\/v2\/posts\/2957"}],"collection":[{"href":"https:\/\/redaccion1.fcpolit.unr.edu.ar\/comision-mayol\/wp-json\/wp\/v2\/posts"}],"about":[{"href":"https:\/\/redaccion1.fcpolit.unr.edu.ar\/comision-mayol\/wp-json\/wp\/v2\/types\/post"}],"author":[{"embeddable":true,"href":"https:\/\/redaccion1.fcpolit.unr.edu.ar\/comision-mayol\/wp-json\/wp\/v2\/users\/43"}],"replies":[{"embeddable":true,"href":"https:\/\/redaccion1.fcpolit.unr.edu.ar\/comision-mayol\/wp-json\/wp\/v2\/comments?post=2957"}],"version-history":[{"count":4,"href":"https:\/\/redaccion1.fcpolit.unr.edu.ar\/comision-mayol\/wp-json\/wp\/v2\/posts\/2957\/revisions"}],"predecessor-version":[{"id":2967,"href":"https:\/\/redaccion1.fcpolit.unr.edu.ar\/comision-mayol\/wp-json\/wp\/v2\/posts\/2957\/revisions\/2967"}],"wp:attachment":[{"href":"https:\/\/redaccion1.fcpolit.unr.edu.ar\/comision-mayol\/wp-json\/wp\/v2\/media?parent=2957"}],"wp:term":[{"taxonomy":"category","embeddable":true,"href":"https:\/\/redaccion1.fcpolit.unr.edu.ar\/comision-mayol\/wp-json\/wp\/v2\/categories?post=2957"},{"taxonomy":"post_tag","embeddable":true,"href":"https:\/\/redaccion1.fcpolit.unr.edu.ar\/comision-mayol\/wp-json\/wp\/v2\/tags?post=2957"}],"curies":[{"name":"wp","href":"https:\/\/api.w.org\/{rel}","templated":true}]}}