{"id":2856,"date":"2024-05-06T10:06:45","date_gmt":"2024-05-06T13:06:45","guid":{"rendered":"https:\/\/redaccion1.fcpolit.unr.edu.ar\/comision-mayol\/?p=2856"},"modified":"2024-05-14T10:52:49","modified_gmt":"2024-05-14T13:52:49","slug":"actos-de-habla-y-fuentes","status":"publish","type":"post","link":"https:\/\/redaccion1.fcpolit.unr.edu.ar\/comision-mayol\/2024\/05\/06\/actos-de-habla-y-fuentes\/","title":{"rendered":"Actos de habla y Fuentes"},"content":{"rendered":"<p>En esta clase retomaremos con el tema del proceso de escritura que comenzamos la clase anterior. <em>(ver dentro del posteo)<\/em><\/p>\n<p><!--more--><br \/>\nPara esto veremos en primer t\u00e9rmino:<\/p>\n<p><a href=\"https:\/\/drive.google.com\/file\/d\/1l03-ifZ3KpTGJvB2BVMKjPJrYChK8RXl\/view?usp=sharing\" target=\"_blank\" rel=\"noopener\">Estrategias de composici\u00f3n<\/a> (Anal\u00eda Reale).<\/p>\n<p>Y a continuaci\u00f3n dos temas importantes: <strong>Actos de habla<\/strong> y <strong>Fuentes<\/strong>.<\/p>\n<p><a href=\"https:\/\/drive.google.com\/file\/d\/1EWNaxfHYcydRubv9XucK7ff1IHrvUpci\/view?usp=sharing\" target=\"_blank\" rel=\"noopener\">Estrategias interactivas y pragm\u00e1ticas<\/a> (Marro y Dellamea)<br \/>\n<a href=\"https:\/\/drive.google.com\/file\/d\/1nK1BRdo-2tzoLbckMRkUs9liQoblfp3Q\/view?usp=sharing\" target=\"_blank\" rel=\"noopener\">Adecuaci\u00f3n pragm\u00e1tica<\/a> (De Gregorio y R\u00e9bola)<br \/>\n<a href=\"https:\/\/drive.google.com\/file\/d\/1IVZRBA5qDfMd50r7rmWOVs7xRksX1QJp\/view?usp=sharing\" target=\"_blank\" rel=\"noopener\">C\u00f3mo hacer cosas con palabras<\/a> (John Austin)<\/p>\n<p><a href=\"https:\/\/drive.google.com\/file\/d\/117KL6KksoBB9lLkxm4zI4HiLk-l2bqox\/view?usp=sharing\" target=\"_blank\" rel=\"noopener\">El valor de la informaci\u00f3n<\/a> (Mar de Fontcuberta)<br \/>\n<a href=\"https:\/\/drive.google.com\/file\/d\/1AZZDdkVCSBlk2igEpmpRm_pswKmtYVNU\/view?usp=sharing\" target=\"_blank\" rel=\"noopener\">El proceso de b\u00fasqueda de fuentes<\/a> (Pepe Rodr\u00edguez)<\/p>\n<p>Recuerden buscar dos noticias en portales informativos locales y nacionales sobre la huelga general de la CGT del 9\/5\/24 para llevar a clase. Las noticias deben contener declaraciones de los protagonistas de la misma (sindicatos, gobierno, oposici\u00f3n)<\/p>\n<p><strong>Ejemplos para analizar en clase:<\/strong><\/p>\n<p><a href=\"https:\/\/www.letrap.com.ar\/politica\/universidades-el-documento-completo-que-cerro-la-masiva-marcha-contra-el-recorte-javier-milei-n5408073\" target=\"_blank\" rel=\"noopener\">La universidad p\u00fablica<\/a><\/p>\n<p><a href=\"https:\/\/www.bing.com\/news\/search?q=infobae+choque+de+trenes&amp;qpvt=infobae+choque+de+trenes&amp;FORM=EWRE\" target=\"_blank\" rel=\"noopener\">Choque de trenes<\/a><\/p>\n<p><strong>ACTIVIDAD 3: Actos de habla en noticias<\/strong><br \/>\nEn el material de noticias que buscaron como ejemplos por grupos identificar actos de habla seg\u00fan la clasificaci\u00f3n de Austin.<\/p>\n<p><strong>ACTIVIDAD 4: Fuentes y redes<\/strong><br \/>\nBuscar alguna noticia en una red social e identificar las fuentes de donde se obtuvo la informaci\u00f3n seg\u00fan la clasificaci\u00f3n de Fontcuberta y Rodr\u00edguez.<\/p>\n","protected":false},"excerpt":{"rendered":"<p>En esta clase retomaremos con el tema del proceso de escritura que comenzamos la clase anterior. (ver dentro del posteo)<\/p>\n","protected":false},"author":43,"featured_media":0,"comment_status":"closed","ping_status":"open","sticky":false,"template":"","format":"standard","meta":{"footnotes":""},"categories":[29],"tags":[],"_links":{"self":[{"href":"https:\/\/redaccion1.fcpolit.unr.edu.ar\/comision-mayol\/wp-json\/wp\/v2\/posts\/2856"}],"collection":[{"href":"https:\/\/redaccion1.fcpolit.unr.edu.ar\/comision-mayol\/wp-json\/wp\/v2\/posts"}],"about":[{"href":"https:\/\/redaccion1.fcpolit.unr.edu.ar\/comision-mayol\/wp-json\/wp\/v2\/types\/post"}],"author":[{"embeddable":true,"href":"https:\/\/redaccion1.fcpolit.unr.edu.ar\/comision-mayol\/wp-json\/wp\/v2\/users\/43"}],"replies":[{"embeddable":true,"href":"https:\/\/redaccion1.fcpolit.unr.edu.ar\/comision-mayol\/wp-json\/wp\/v2\/comments?post=2856"}],"version-history":[{"count":11,"href":"https:\/\/redaccion1.fcpolit.unr.edu.ar\/comision-mayol\/wp-json\/wp\/v2\/posts\/2856\/revisions"}],"predecessor-version":[{"id":2868,"href":"https:\/\/redaccion1.fcpolit.unr.edu.ar\/comision-mayol\/wp-json\/wp\/v2\/posts\/2856\/revisions\/2868"}],"wp:attachment":[{"href":"https:\/\/redaccion1.fcpolit.unr.edu.ar\/comision-mayol\/wp-json\/wp\/v2\/media?parent=2856"}],"wp:term":[{"taxonomy":"category","embeddable":true,"href":"https:\/\/redaccion1.fcpolit.unr.edu.ar\/comision-mayol\/wp-json\/wp\/v2\/categories?post=2856"},{"taxonomy":"post_tag","embeddable":true,"href":"https:\/\/redaccion1.fcpolit.unr.edu.ar\/comision-mayol\/wp-json\/wp\/v2\/tags?post=2856"}],"curies":[{"name":"wp","href":"https:\/\/api.w.org\/{rel}","templated":true}]}}