{"id":273,"date":"2012-06-04T17:49:43","date_gmt":"2012-06-04T17:49:43","guid":{"rendered":"http:\/\/fcpolit.unr.edu.ar\/blogs\/redaccion1-mayol\/2012\/06\/04\/periodistas\/"},"modified":"2012-06-04T17:49:43","modified_gmt":"2012-06-04T17:49:43","slug":"periodistas","status":"publish","type":"post","link":"https:\/\/redaccion1.fcpolit.unr.edu.ar\/comision-mayol\/2012\/06\/04\/periodistas\/","title":{"rendered":"Periodistas"},"content":{"rendered":"<p><img loading=\"lazy\" decoding=\"async\" alt=\"periodista-70.jpg\" src=\"http:\/\/www.bdp.org.ar\/facultad\/catedras\/comsoc\/redaccion1\/mayol\/periodista-70.jpg\" width=\"140\" height=\"142\" align=\"left\" hspace=\"10\" \/> Esta semana y la pr\u00f3xima, con motivo del festejo del <strong>D\u00eda del Periodista<\/strong>, har\u00e1n una salida a un evento para recolectar informaci\u00f3n y luego realizar un trabajo pr\u00e1ctico.<br \/>\nPueden optar por los siguientes eventos:<br \/>\n<strong>1)<\/strong>  <a href=\"http:\/\/www.spr.org.ar\/libre-expresion\/noticias\/23-muestra-anual-de-fotoperiodismo-argentino.html\">23\u00ba Muestra Anual de Fotoperiodismo Argentino<\/a>: 6 de junio, 19:30 hs, Centro de Expresiones Contempor\u00e1neas (Sgto. Cabral y el R\u00edo)<br \/>\n<strong>2)<\/strong>  <a href=\"http:\/\/www.spr.org.ar\/libre-expresion\/noticias\/charla-debate-con-verbitsky-la-prensa-en-tiempos-de-colera.html\">Charla-debate con Verbitsky. La Prensa en Tiempos de C\u00f3lera<\/a>: lunes 11de junio a las 18:30 en el Teatro El C\u00edrculo, Laprida y Mendoza<\/p>\n<p><!--more--><br \/>\nTienen que asistir a una de los dos a elecci\u00f3n (cualquiera de las dos comisiones) y recolectar toda la informaci\u00f3n posible para luego redactar una noticia tipo <strong>yunque<\/strong>.<\/p>\n<blockquote><p>Fecha de entrega del <strong>TP 10: Periodistas<\/strong><br \/>\nPara el evento 1:  10 de junio<br \/>\nPara el evento 2:  15 de junio<\/p><\/blockquote>\n<p><img loading=\"lazy\" decoding=\"async\" alt=\"cuadro%20pir%E1mide%20yunque.jpg\" src=\"http:\/\/www.bdp.org.ar\/facultad\/catedras\/comsoc\/redaccion1\/mayol\/cuadro%20pir%E1mide%20yunque.jpg\" width=\"216\" height=\"314\" align=\"centre\" \/><\/p>\n","protected":false},"excerpt":{"rendered":"<p>Esta semana y la pr\u00f3xima, con motivo del festejo del D\u00eda del Periodista, har\u00e1n una salida a un evento para recolectar informaci\u00f3n y luego realizar un trabajo pr\u00e1ctico. Pueden optar por los siguientes eventos: 1) 23\u00ba Muestra Anual de Fotoperiodismo Argentino: 6 de junio, 19:30 hs, Centro de Expresiones Contempor\u00e1neas (Sgto. Cabral y el R\u00edo) [&hellip;]<\/p>\n","protected":false},"author":6,"featured_media":0,"comment_status":"open","ping_status":"closed","sticky":false,"template":"","format":"standard","meta":{"footnotes":""},"categories":[15],"tags":[],"_links":{"self":[{"href":"https:\/\/redaccion1.fcpolit.unr.edu.ar\/comision-mayol\/wp-json\/wp\/v2\/posts\/273"}],"collection":[{"href":"https:\/\/redaccion1.fcpolit.unr.edu.ar\/comision-mayol\/wp-json\/wp\/v2\/posts"}],"about":[{"href":"https:\/\/redaccion1.fcpolit.unr.edu.ar\/comision-mayol\/wp-json\/wp\/v2\/types\/post"}],"author":[{"embeddable":true,"href":"https:\/\/redaccion1.fcpolit.unr.edu.ar\/comision-mayol\/wp-json\/wp\/v2\/users\/6"}],"replies":[{"embeddable":true,"href":"https:\/\/redaccion1.fcpolit.unr.edu.ar\/comision-mayol\/wp-json\/wp\/v2\/comments?post=273"}],"version-history":[{"count":0,"href":"https:\/\/redaccion1.fcpolit.unr.edu.ar\/comision-mayol\/wp-json\/wp\/v2\/posts\/273\/revisions"}],"wp:attachment":[{"href":"https:\/\/redaccion1.fcpolit.unr.edu.ar\/comision-mayol\/wp-json\/wp\/v2\/media?parent=273"}],"wp:term":[{"taxonomy":"category","embeddable":true,"href":"https:\/\/redaccion1.fcpolit.unr.edu.ar\/comision-mayol\/wp-json\/wp\/v2\/categories?post=273"},{"taxonomy":"post_tag","embeddable":true,"href":"https:\/\/redaccion1.fcpolit.unr.edu.ar\/comision-mayol\/wp-json\/wp\/v2\/tags?post=273"}],"curies":[{"name":"wp","href":"https:\/\/api.w.org\/{rel}","templated":true}]}}