{"id":241,"date":"2011-08-15T20:19:47","date_gmt":"2011-08-15T20:19:47","guid":{"rendered":"http:\/\/fcpolit.unr.edu.ar\/blogs\/redaccion1-mayol\/2011\/08\/15\/clase-13-recuperatorio-2\/"},"modified":"2011-08-15T20:19:47","modified_gmt":"2011-08-15T20:19:47","slug":"clase-13-recuperatorio-2","status":"publish","type":"post","link":"https:\/\/redaccion1.fcpolit.unr.edu.ar\/comision-mayol\/2011\/08\/15\/clase-13-recuperatorio-2\/","title":{"rendered":"Clase 13: Recuperatorio 2"},"content":{"rendered":"<p><img loading=\"lazy\" decoding=\"async\" alt=\"examen-tipo2.jpg\" src=\"http:\/\/www.bdp.org.ar\/facultad\/catedras\/comsoc\/redaccion1\/mayol\/examen-tipo2.jpg\" width=\"139\" height=\"138\" align=\"left\" hspace=\"10\" \/> Los recuperatorios ser\u00e1n los dias <strong>jueves 26 para la comisi\u00f3n 8 y lunes 29 para la comisi\u00f3n 2<\/strong>.<br \/>\nDentro del post pongo los alumnos que tienen que recuperar el Segundo Integrador en ambas comisiones.<br \/>\n<em>(Los alumnos ausentes sin aviso no pueden recuperar).<\/em><\/p>\n<p><!--more--><\/p>\n<blockquote><p><strong>COMISI\u00d3N 2<\/strong><br \/>\nBENITEZ  Carla<br \/>\nBERTOLINI  Magdalena<br \/>\nCASARES  Juan Ignacio<br \/>\nCIACCIO  Luciano<br \/>\nCULLEN  Luc\u00eda<br \/>\nDANEGGER   Victoria<br \/>\nENNIS  Ludmila<br \/>\nFERREIRA  Juan<br \/>\nGALINDO  Maite<br \/>\nGARAY  Vanina<br \/>\nGOROSITO  Agust\u00edn<br \/>\nGUTIERREZ  Mat\u00edas<br \/>\nLEVATO  Joana<br \/>\nMOLBERT  Brenda<br \/>\nMUSIO  Camila<br \/>\nPAGURA  M.Pierina<br \/>\nPALAZZO  Eva<br \/>\nPODEST\u00c1  Malena<br \/>\nSEGOVIA  Pamela<\/p><\/blockquote>\n<blockquote><p><strong>COMISI\u00d3N 8<\/strong><br \/>\nALBERTI  Cristian<br \/>\nAQUILANTI  Virginia<br \/>\nB\u00c1EZ  Iv\u00e1n<br \/>\nBONACINA  Alan<br \/>\nD\u00cdAZ  Ezequiel<br \/>\nMANZI  Bruno<br \/>\nNU\u00d1EZ  Aldo<br \/>\nNU\u00d1EZ  Gabriela<br \/>\nVILLAR MATASSA  Ariela<\/p><\/blockquote>\n","protected":false},"excerpt":{"rendered":"<p>Los recuperatorios ser\u00e1n los dias jueves 26 para la comisi\u00f3n 8 y lunes 29 para la comisi\u00f3n 2. Dentro del post pongo los alumnos que tienen que recuperar el Segundo Integrador en ambas comisiones. (Los alumnos ausentes sin aviso no pueden recuperar).<\/p>\n","protected":false},"author":6,"featured_media":0,"comment_status":"open","ping_status":"closed","sticky":false,"template":"","format":"standard","meta":{"footnotes":""},"categories":[14],"tags":[],"_links":{"self":[{"href":"https:\/\/redaccion1.fcpolit.unr.edu.ar\/comision-mayol\/wp-json\/wp\/v2\/posts\/241"}],"collection":[{"href":"https:\/\/redaccion1.fcpolit.unr.edu.ar\/comision-mayol\/wp-json\/wp\/v2\/posts"}],"about":[{"href":"https:\/\/redaccion1.fcpolit.unr.edu.ar\/comision-mayol\/wp-json\/wp\/v2\/types\/post"}],"author":[{"embeddable":true,"href":"https:\/\/redaccion1.fcpolit.unr.edu.ar\/comision-mayol\/wp-json\/wp\/v2\/users\/6"}],"replies":[{"embeddable":true,"href":"https:\/\/redaccion1.fcpolit.unr.edu.ar\/comision-mayol\/wp-json\/wp\/v2\/comments?post=241"}],"version-history":[{"count":0,"href":"https:\/\/redaccion1.fcpolit.unr.edu.ar\/comision-mayol\/wp-json\/wp\/v2\/posts\/241\/revisions"}],"wp:attachment":[{"href":"https:\/\/redaccion1.fcpolit.unr.edu.ar\/comision-mayol\/wp-json\/wp\/v2\/media?parent=241"}],"wp:term":[{"taxonomy":"category","embeddable":true,"href":"https:\/\/redaccion1.fcpolit.unr.edu.ar\/comision-mayol\/wp-json\/wp\/v2\/categories?post=241"},{"taxonomy":"post_tag","embeddable":true,"href":"https:\/\/redaccion1.fcpolit.unr.edu.ar\/comision-mayol\/wp-json\/wp\/v2\/tags?post=241"}],"curies":[{"name":"wp","href":"https:\/\/api.w.org\/{rel}","templated":true}]}}