{"id":208,"date":"2010-10-09T17:56:01","date_gmt":"2010-10-09T17:56:01","guid":{"rendered":"http:\/\/fcpolit.unr.edu.ar\/blogs\/redaccion1-mayol\/2010\/10\/09\/en-el-umbral-del-trabajo-final\/"},"modified":"2010-10-09T17:56:01","modified_gmt":"2010-10-09T17:56:01","slug":"en-el-umbral-del-trabajo-final","status":"publish","type":"post","link":"https:\/\/redaccion1.fcpolit.unr.edu.ar\/comision-mayol\/2010\/10\/09\/en-el-umbral-del-trabajo-final\/","title":{"rendered":"En el Umbral del Trabajo Final"},"content":{"rendered":"<p><img loading=\"lazy\" decoding=\"async\" alt=\"CARTAGENA%2032_recorte.JPG\" src=\"http:\/\/www.bdp.org.ar\/facultad\/catedras\/comsoc\/redaccion1\/mayol\/CARTAGENA%2032_recorte.JPG\" width=\"260\" height=\"389\" \/><br \/>\n<em>Cartagena de Indias, Colombia<br \/>\n(foto:mauri)<\/em><br \/>\n<strong>COMISIONES 2 y 8<\/strong><br \/>\nEl <strong>Integrador 4<\/strong> es un trabajo de investigaci\u00f3n, redacci\u00f3n y publicaci\u00f3n de textos de aprobaci\u00f3n obligatoria para promocionar la materia.<\/p>\n<p><!--more--><br \/>\nEl <strong>Trabajo Final Integrador (TFI)<\/strong> de Redacci\u00f3n I ser\u00e1 presentado por mail en archivo conteniendo todo el material y los textos solicitados, para lo cual deber\u00e1n seguir una serie de pasos previos de aprobaci\u00f3n obligatoria:<br \/>\n<strong><u>PASOS A SEGUIR<\/u>:<\/strong><br \/>\n<strong>1.<\/strong>\tPresentar oralmente y por escrito el tema a investigar el d\u00eda <strong>25 de octubre<\/strong> para la <strong>comisi\u00f3n 2<\/strong> y el <strong>28 de octubre<\/strong> para la <strong>comisi\u00f3n 8<\/strong>, durante el horario de clase. Si el tema no es aprobado deber\u00e1n presentar otro por mail en el t\u00e9rmino de una semana. <em>Pueden consultar el tema desde hoy hasta el dia de la presentaci\u00f3n.<\/em><br \/>\n<strong>2.<\/strong>\tRealizar una entrevista que ser\u00e1 la principal fuente de informaci\u00f3n del trabajo final: consultas de la gu\u00eda de preguntas por mail hasta el <strong>10 de noviembre<\/strong>  y realizaci\u00f3n de la entrevista hasta el <strong>15 de noviembre<\/strong>.<br \/>\n<strong>3.<\/strong>\tRealizaci\u00f3n y presentaci\u00f3n del <strong>TFI<\/strong>: hasta el <strong>21 de noviembre<\/strong>.<br \/>\n<strong>4.<\/strong>\tDevoluci\u00f3n del trabajo corregido por el docente y publicaci\u00f3n por el alumno de la parte <strong>\u201cC: Redacci\u00f3n de Textos\u201d<\/strong> en el blog de los alumnos de Redacci\u00f3n I: <a href=\"http:\/\/www.bdp.org.ar\/facultad\/enredaccion\/\">EnRedAcci\u00f3n<\/a> hasta el <strong>30 de noviembre<\/strong>.<br \/>\n<strong>5.<\/strong> La publicaci\u00f3n de las notas finales de promoci\u00f3n ser\u00e1 como siempre en este blog de la c\u00e1tedra de Redacci\u00f3n I durante la <strong>primera semana de diciembre<\/strong>.<br \/>\n<strong>6.<\/strong>\tA partir de ese momento las notas estar\u00e1n en el \u201cguaran\u00ed\u201d y por lo tanto disponibles para tr\u00e1mites en alumnado.<br \/>\n<strong><u>ESTRUCTURA DEL TRABAJO<\/u>:<\/strong><br \/>\nEl <strong>TFI<\/strong> tendr\u00e1 las siguientes caracter\u00edsticas y etapas de presentaci\u00f3n obligatorias:<\/p>\n<blockquote><p> <strong>A) INTRODUCCI\u00d3N<\/strong>: entrega el <strong>25 y 28 de octubre<\/strong> en clase seg\u00fan la comisi\u00f3n.<br \/>\n&#8211; <u>Nombre y Apellido<\/u>: completo del alumno.<br \/>\n&#8211; <u>Tema<\/u>: debe ser un tema del entorno propio, al cual tengan acceso sin dificultad para investigar, encuentren a qui\u00e9n entrevistar y sea de inter\u00e9s para la comunidad. No pueden ser temas: medi\u00e1ticos, hist\u00f3ricos, lejanos al alcance propio, personales.<br \/>\n&#8211; <u>Indicaci\u00f3n del medio y audiencia para los textos<\/u>: debe ser espec\u00edfica seg\u00fan los objetivos de cada texto. No puede ser: p\u00fablico general, audiencia general, medio de inter\u00e9s general.<br \/>\n&#8211; <u>Fuentes bibliogr\u00e1ficas utilizadas<\/u>: si son de internet poner los links, si son bibliogr\u00e1ficas indicar los datos de publicaci\u00f3n.<br \/>\n&#8211; <u>Indicaci\u00f3n de persona o personas entrevistadas<\/u>: nombre y datos del entrevistado y por qu\u00e9 se los elije.\n<\/p><\/blockquote>\n<blockquote><p> <strong>B) ENTREVISTA<\/strong>: entrega por mail el <strong>15 de noviembre<\/strong><br \/>\n<u>Modalidad de presentaci\u00f3n<\/u>: pregunta-respuesta.<\/p><\/blockquote>\n<blockquote><p> <strong>C) REDACCI\u00d3N DE TEXTOS<\/strong>: entrega por mail el <strong>21 de noviembre<\/strong><br \/>\n<u>Modalidad de presentaci\u00f3n<\/u>:<br \/>\nDeber\u00e1n presentar un archivo de word conteniendo <strong>dos textos<\/strong>:<br \/>\n<strong><u>1.    Hipertexto Informativo<\/u><\/strong><br \/>\n60 l\u00edneas de extensi\u00f3n promedio con titular completo (t\u00edtulo, bajada) seg\u00fan las siguientes opciones:<br \/>\na) Texto con superestructura de pir\u00e1mide invertida.<br \/>\nb) Texto con superestructura narrativa.<br \/>\n<strong><u>  2. Hipertexto Argumentativo<\/u><\/strong><br \/>\n60 l\u00edneas de extensi\u00f3n promedio con t\u00edtulo, seg\u00fan las siguientes opciones:<br \/>\na) Texto de opini\u00f3n con superestructura de argumentaci\u00f3n secuencial.<br \/>\nb) Texto de opini\u00f3n con superestructura de argumentaci\u00f3n dial\u00e9ctica.\n<\/p><\/blockquote>\n<p><strong><u>REGLAS DE PRESENTACI\u00d3N<\/u>:<\/strong><br \/>\n<strong> 1-<\/strong> Otros archivos anexos vinculados a los hipertextos: fotograf\u00edas, infograf\u00edas, ilustraciones, forman parte de la presentaci\u00f3n de cada texto final individual. Es decir, debe ser incluido en el archivo del d\u00eda 21 de noviembre. Si es necesario -peso de las fotos por ejemplo- comprimir los archivos para enviar todo en una sola carpeta.<br \/>\n<strong>2-<\/strong> El material sacado de otras fuentes que no sean las obtenidas en la entrevista y la observaci\u00f3n propia y que no aparezca citado correctamente ser\u00e1 motivo de rechazo del trabajo final en su totalidad. <em>La apropiaci\u00f3n indebida de textos circulantes en internet presentados como propios ser\u00e1 considerada <strong>plagio<\/strong> \u2013copia- y el trabajo, reprobado, no podr\u00e1 volver a presentarse.<\/em><br \/>\n<strong>3-<\/strong> El Trabajo Final debe ser revisado cuidadosamente antes de enviarlo, ya que se espera una presentaci\u00f3n sin errores ortogr\u00e1ficos y de buena redacci\u00f3n general.<br \/>\n<strong>4-<\/strong> Las fechas de presentaci\u00f3n no son prorrogables. El no cumplimiento del calendario implica la no presentaci\u00f3n del trabajo final.<br \/>\n<strong>RESUMEN CALENDARIO DE PRESENTACIONES:<\/strong><br \/>\n<u>Presentaci\u00f3n del Tema<\/u>: 25 y 28 de octubre<br \/>\n<u>Presentaci\u00f3n de la Entrevista<\/u>: 15 de noviembre<br \/>\n<u>Presentaci\u00f3n de los Textos Finales<\/u>:  21 de noviembre<br \/>\n<u>Publicaci\u00f3n en el blog <a href=\"http:\/\/www.bdp.org.ar\/facultad\/enredaccion\/\">EnRedAcci\u00f3n<\/a> de los Textos Finales<\/u>: 30 de noviembre<\/p>\n","protected":false},"excerpt":{"rendered":"<p>Cartagena de Indias, Colombia (foto:mauri) COMISIONES 2 y 8 El Integrador 4 es un trabajo de investigaci\u00f3n, redacci\u00f3n y publicaci\u00f3n de textos de aprobaci\u00f3n obligatoria para promocionar la materia.<\/p>\n","protected":false},"author":6,"featured_media":0,"comment_status":"open","ping_status":"closed","sticky":false,"template":"","format":"standard","meta":{"footnotes":""},"categories":[11],"tags":[],"_links":{"self":[{"href":"https:\/\/redaccion1.fcpolit.unr.edu.ar\/comision-mayol\/wp-json\/wp\/v2\/posts\/208"}],"collection":[{"href":"https:\/\/redaccion1.fcpolit.unr.edu.ar\/comision-mayol\/wp-json\/wp\/v2\/posts"}],"about":[{"href":"https:\/\/redaccion1.fcpolit.unr.edu.ar\/comision-mayol\/wp-json\/wp\/v2\/types\/post"}],"author":[{"embeddable":true,"href":"https:\/\/redaccion1.fcpolit.unr.edu.ar\/comision-mayol\/wp-json\/wp\/v2\/users\/6"}],"replies":[{"embeddable":true,"href":"https:\/\/redaccion1.fcpolit.unr.edu.ar\/comision-mayol\/wp-json\/wp\/v2\/comments?post=208"}],"version-history":[{"count":0,"href":"https:\/\/redaccion1.fcpolit.unr.edu.ar\/comision-mayol\/wp-json\/wp\/v2\/posts\/208\/revisions"}],"wp:attachment":[{"href":"https:\/\/redaccion1.fcpolit.unr.edu.ar\/comision-mayol\/wp-json\/wp\/v2\/media?parent=208"}],"wp:term":[{"taxonomy":"category","embeddable":true,"href":"https:\/\/redaccion1.fcpolit.unr.edu.ar\/comision-mayol\/wp-json\/wp\/v2\/categories?post=208"},{"taxonomy":"post_tag","embeddable":true,"href":"https:\/\/redaccion1.fcpolit.unr.edu.ar\/comision-mayol\/wp-json\/wp\/v2\/tags?post=208"}],"curies":[{"name":"wp","href":"https:\/\/api.w.org\/{rel}","templated":true}]}}