{"id":205,"date":"2010-09-22T21:00:52","date_gmt":"2010-09-22T21:00:52","guid":{"rendered":"http:\/\/fcpolit.unr.edu.ar\/blogs\/redaccion1-mayol\/2010\/09\/22\/porcentajes-al-tercer-integrador\/"},"modified":"2010-09-22T21:00:52","modified_gmt":"2010-09-22T21:00:52","slug":"porcentajes-al-tercer-integrador","status":"publish","type":"post","link":"https:\/\/redaccion1.fcpolit.unr.edu.ar\/comision-mayol\/2010\/09\/22\/porcentajes-al-tercer-integrador\/","title":{"rendered":"Porcentajes al tercer Integrador"},"content":{"rendered":"<p><img loading=\"lazy\" decoding=\"async\" alt=\"Teotihuac%E1n%2010-corte.JPG\" src=\"http:\/\/www.bdp.org.ar\/facultad\/catedras\/comsoc\/redaccion1\/mayol\/Teotihuac%E1n%2010-corte.JPG\" width=\"305\" height=\"168\" \/><br \/>\n<em>Teotihuacan, M\u00e9xico<br \/>\n(foto:mauri)<\/em><br \/>\n<strong>COMISIONES 2 Y 8<\/strong><br \/>\nPara que no se queden como el le\u00f3n de la foto con cara de asombro, ac\u00e1 voy a poner los porcentajes de trabajos pr\u00e1cticos al 30 de setiembre.<\/p>\n<p><!--more--><br \/>\nA <a href=\"http:\/\/www.bdp.org.ar\/facultad\/catedras\/comsoc\/redaccion1\/mayol\/2010\/08\/nuevos_porcentajes.php\">estos porcentajes<\/a> pertenecientes al Segundo Integrador, se sumaron los siguientes trabajos pr\u00e1cticos:<br \/>\n<strong>Estructuras, Rostros, Relatos Nubios, Ficcionando, Movimiento y Cotidiano.<\/strong><br \/>\nEstos trabajos dan un total de <strong>22<\/strong>, por lo que es necesario que tengan <strong>17<\/strong> para llegar al 75 por ciento.<br \/>\nPara esto est\u00e1n a disposici\u00f3n los <a href=\"http:\/\/www.bdp.org.ar\/facultad\/catedras\/comsoc\/redaccion1\/mayol\/2010\/09\/electivos.php#more\">trabajos electivos<\/a>, aprovechen que es la \u00faltima oportunidad.<\/p>\n<blockquote><p><strong>Comisi\u00f3n 2<\/strong><br \/>\nALBINI, Marilina &#8211; 17<br \/>\nBECARES, Valentina &#8211; 15<br \/>\nCABRAL, Alejandro &#8211; 17<br \/>\nCARBAJAL CORNET, Agust\u00edn &#8211; 17<br \/>\nCATAL\u00c1N, Mar\u00eda Victoria &#8211; 20<br \/>\nCOSTA, Fabio &#8211; 18<br \/>\nCOSTANTINI, Agustina &#8211; 19<br \/>\nDOVAL, Tom\u00e1s &#8211; 12<br \/>\nGARC\u00cdA COVILI, Lautaro &#8211; 17<br \/>\nGUBINELLI, Guido &#8211; 16<br \/>\nIZAGUIRRE, Santiago &#8211; 17<br \/>\nLLAMAS, Anabella &#8211; 14<br \/>\nMIEDEMA, Sof\u00eda &#8211; 17<br \/>\nMILANI, Lucas &#8211; 21<br \/>\nMINIGO, Nadia &#8211; 18<br \/>\nMOLBERT, Brenda &#8211; 12<br \/>\nMONTIEL, D\u00e1maris &#8211; 20<br \/>\nMOYANO. Yanina &#8211; 14<br \/>\nORTEGA, Florencia &#8211; 16<br \/>\nPAUTASSI, Valentina &#8211; 18<br \/>\nPONTI, Mayra &#8211; 14<br \/>\nREBUFFO, Nabila &#8211; 20<br \/>\nROMERO, Mar\u00eda Paula &#8211; 17<br \/>\nROSELLI, Ivana &#8211; 17<br \/>\nVILLAVERDE, Tom\u00e1s &#8211; 14\n<\/p><\/blockquote>\n<blockquote><p><strong>Comisi\u00f3n 8<\/strong><br \/>\nBERNAL, Mart\u00edn &#8211; 21<br \/>\nBRITEZ, Rodrigo &#8211; 18<br \/>\nCABALLERO, Marina Alejandra &#8211; 16<br \/>\nCARPIO, Melina &#8211; 17<br \/>\nCASTELLINI, Juli\u00e1n &#8211; 18<br \/>\nCATERA, Sof\u00eda &#8211; 18<br \/>\nCONDIS, Mayra &#8211; 18<br \/>\nCRESTA, Ignacio &#8211; 16<br \/>\nCUPIDO, Ramiro &#8211; 21<br \/>\nDI LISCIA, Emilia &#8211; 21<br \/>\nDI PAOLO, Lisandro &#8211; 20<br \/>\nDOM\u00cdNGUEZ, Jesica &#8211; 12<br \/>\nECHAGUIBEL, Agust\u00edn &#8211; 18<br \/>\nESCOBAR, Lorena &#8211; 17<br \/>\nFAUSTI, Luc\u00eda &#8211; 21<br \/>\nFERNANDEZ, Joaqu\u00edn &#8211; 19<br \/>\nFITT, Eric &#8211; 17<br \/>\nGALLAR\u00c1, Mariana &#8211; 19<br \/>\nGARC\u00cdA, Gonzalo Javier &#8211; 18<br \/>\nLEON, Fernando &#8211; 19<br \/>\nLOVIGN\u00c9, Martina &#8211; 17<br \/>\nNIGRO, Melina &#8211; 17<br \/>\nP\u00c9REZ, Juan Pablo &#8211; 20<br \/>\nPR\u00cdNCIPE, Natanael &#8211; 18<br \/>\nRAMOS, Leonardo Hugo &#8211; 18<br \/>\nSALAR\u00cd, Martina &#8211; 17<br \/>\nSANCHEZ, Francisco &#8211; 17<br \/>\nSTACHIOTTI, Eugenia &#8211; 18<br \/>\nTASSONE, Virginia &#8211; 18\n<\/p><\/blockquote>\n","protected":false},"excerpt":{"rendered":"<p>Teotihuacan, M\u00e9xico (foto:mauri) COMISIONES 2 Y 8 Para que no se queden como el le\u00f3n de la foto con cara de asombro, ac\u00e1 voy a poner los porcentajes de trabajos pr\u00e1cticos al 30 de setiembre.<\/p>\n","protected":false},"author":6,"featured_media":0,"comment_status":"open","ping_status":"closed","sticky":false,"template":"","format":"standard","meta":{"footnotes":""},"categories":[11],"tags":[],"_links":{"self":[{"href":"https:\/\/redaccion1.fcpolit.unr.edu.ar\/comision-mayol\/wp-json\/wp\/v2\/posts\/205"}],"collection":[{"href":"https:\/\/redaccion1.fcpolit.unr.edu.ar\/comision-mayol\/wp-json\/wp\/v2\/posts"}],"about":[{"href":"https:\/\/redaccion1.fcpolit.unr.edu.ar\/comision-mayol\/wp-json\/wp\/v2\/types\/post"}],"author":[{"embeddable":true,"href":"https:\/\/redaccion1.fcpolit.unr.edu.ar\/comision-mayol\/wp-json\/wp\/v2\/users\/6"}],"replies":[{"embeddable":true,"href":"https:\/\/redaccion1.fcpolit.unr.edu.ar\/comision-mayol\/wp-json\/wp\/v2\/comments?post=205"}],"version-history":[{"count":0,"href":"https:\/\/redaccion1.fcpolit.unr.edu.ar\/comision-mayol\/wp-json\/wp\/v2\/posts\/205\/revisions"}],"wp:attachment":[{"href":"https:\/\/redaccion1.fcpolit.unr.edu.ar\/comision-mayol\/wp-json\/wp\/v2\/media?parent=205"}],"wp:term":[{"taxonomy":"category","embeddable":true,"href":"https:\/\/redaccion1.fcpolit.unr.edu.ar\/comision-mayol\/wp-json\/wp\/v2\/categories?post=205"},{"taxonomy":"post_tag","embeddable":true,"href":"https:\/\/redaccion1.fcpolit.unr.edu.ar\/comision-mayol\/wp-json\/wp\/v2\/tags?post=205"}],"curies":[{"name":"wp","href":"https:\/\/api.w.org\/{rel}","templated":true}]}}