{"id":2015,"date":"2023-08-17T12:46:50","date_gmt":"2023-08-17T12:46:50","guid":{"rendered":"https:\/\/blogs.fcpolit.unr.edu.ar\/redaccion1-mayol\/?p=2015"},"modified":"2023-08-17T12:46:50","modified_gmt":"2023-08-17T12:46:50","slug":"actividad-news","status":"publish","type":"post","link":"https:\/\/redaccion1.fcpolit.unr.edu.ar\/comision-mayol\/2023\/08\/17\/actividad-news\/","title":{"rendered":"Actividad: News"},"content":{"rendered":"<p>Nos invitaron desde las comisiones de la profesora Rosales a conocer sus experiencias en la redacci\u00f3n de newletters. Nos compartieron algunas y los invitan a suscribirse al que le interese. Y por qu\u00e9 no, en nuestra comisi\u00f3n a practicar esta forma particular de redactar textos informativos, \u00bfse animan?<\/p>\n<p><!--more--><\/p>\n<p>&nbsp;<\/p>\n<p><strong>NEWS 1<\/strong><\/p>\n<p>&nbsp;<\/p>\n<p><strong>OTRA SEMANA EN COMU<\/strong><\/p>\n<p>Por: Manuel Monsalve y Luc\u00eda Molina<\/p>\n<p>\u2014&#8212;&#8212;&#8212;&#8212;&#8212;&#8212;&#8212;&#8212;&#8212;&#8212;&#8212;&#8212;&#8212;&#8212;&#8212;&#8212;&#8212;&#8212;&#8212;&#8212;&#8212;&#8212;&#8212;&#8212;&#8212;&#8212;&#8212;&#8212;&#8212;&#8212;&#8212;&#8212;&#8212;&#8212;&#8212;&#8212;&#8212;&#8212;&#8212;&#8212;&#8212;&#8212;&#8212;&#8212;&#8212;&#8212;&#8212;&#8212;&#8212;&#8212;&#8212;&#8212;&#8212;&#8212;&#8212;&#8212;&#8212;&#8212;&#8212;&#8212;&#8212;&#8212;&#8212;&#8211;<\/p>\n<p>Otra semana en Comu es una experiencia colaborativa realizada por y para ingresantes de la carrera de Comunicaci\u00f3n Social. Queremos mantenerte al tanto de las actividades, recordarte los hechos salientes, pero &#8211; por sobre todo &#8211; acompa\u00f1arte en la vida universitaria.<\/p>\n<p>\u2013&#8212;&#8212;&#8212;&#8212;&#8212;&#8212;&#8212;&#8212;&#8212;&#8212;&#8212;&#8212;&#8212;&#8212;&#8212;&#8212;&#8212;&#8212;&#8212;&#8212;&#8212;&#8212;&#8212;&#8212;&#8212;&#8212;&#8212;&#8212;&#8212;&#8212;&#8212;&#8212;&#8212;&#8212;&#8212;&#8212;&#8212;&#8212;&#8212;&#8212;&#8212;&#8212;&#8212;&#8212;&#8212;&#8212;&#8212;&#8212;&#8212;&#8212;&#8212;&#8212;&#8212;&#8212;&#8212;&#8212;&#8212;&#8212;&#8212;&#8212;&#8212;&#8212;&#8212;&#8212;<\/p>\n<p>Buenas, \u00bfc\u00f3mo va?<\/p>\n<p>Algo de lo que vas a encontrar en el mail de hoy: Aumento del comedor universitario, congreso de la F.U.R, comienzo de cursado, actividades para la pr\u00f3xima semana, Wordle.<\/p>\n<p>Leer este mail te va a llevar 3 minutos y medio<\/p>\n<p><strong>COMEDOR UNIVERSITARIO\u00a0<\/strong><\/p>\n<p>Actualizaci\u00f3n de precios<\/p>\n<p>Desde el 1ro de agosto aumentaron los precios de los <a href=\"https:\/\/unr.edu.ar\/comedores\/\">comedores UNR<\/a>.<\/p>\n<p>El almuerzo\/cena cuesta $150 y si optas por un desayuno\/merienda tiene un valor de $100.<\/p>\n<p><em>ADEM\u00c1S<\/em>, luego de un mes de problemas con la carga virtual, ya podes utilizar MERCADO PAGO para transferir a tu cuenta de <a href=\"https:\/\/comedores.unr.edu.ar\/\">MORA<\/a>.<\/p>\n<p>Si todav\u00eda no ten\u00e9s tu <a href=\"https:\/\/unr.edu.ar\/comedores\/\">usuario<\/a> en COMEDORES UNR, acercate personalmente a cualquiera de los locales y registrarte en el sistema con tu certificado de alumno regular.<\/p>\n<p>&nbsp;<\/p>\n<p><strong>COMIENZO DEL CURSADO<\/strong><\/p>\n<p>Nos volvemos a encontrar<\/p>\n<p>Despu\u00e9s de las vacaciones de invierno y el asueto por el D\u00eda de la docencia universitaria los ingresantes retomamos nuevamente el cursado.<\/p>\n<p>Nos encontramos con una facultad sin el movimiento habitual debido a las <a href=\"https:\/\/fcpolit.unr.edu.ar\/mesas-de-examen-turno-julio-agosto-lic-en-comunicacion-social\/\">mesas de examen<\/a> que afectan a gran parte de los estudiantes.<\/p>\n<p>A partir del 28 de agosto vamos a poder volver a disfrutar de la compa\u00f1\u00eda de todos. Mientras, aprovechen para sacar tickets en el comedor ahora que hay menos demanda;)<\/p>\n<p>&nbsp;<\/p>\n<p><strong>CONGRESO DE LA F.U.R\u00a0<\/strong><\/p>\n<p>\u00bfReelige el reformismo?<\/p>\n<p>El jueves fue el congreso de la <a href=\"https:\/\/www.instagram.com\/lafuroficial\/\">Federaci\u00f3n Universitaria de Rosario<\/a> donde se eligieron sus autoridades de cara al pr\u00f3ximo a\u00f1o. Es importante saber que en la F.U.R. el sistema de elecci\u00f3n se basa en que cada frente electoral presenta \u201cCartones\u201d y que quien obtiene m\u00e1s se queda con la presidencia. Estos \u201cCartones\u201d son obtenidos seg\u00fan el porcentaje de votos sacados en las elecciones de cada facultad por las agrupaciones que conforman cada lista.<\/p>\n<p>En la elecci\u00f3n de este a\u00f1o, el Reformismo revalid\u00f3 la presidencia de la federaci\u00f3n con su candidata Flor del Alba, quien tambi\u00e9n es presidenta del CESOC, mientras que el FEU\u00a0se qued\u00f3 con la Secretar\u00eda General.<\/p>\n<p><em>ADEM\u00c1S <\/em>en las comisiones de discusi\u00f3n del Congreso se debati\u00f3 sobre G\u00e9nero, mujer y diversidades, Ecolog\u00eda y ambiente, Salud integral, Realidad nacional y universitaria y Realidad latinoamericana.<\/p>\n<p>Prep\u00e1rate para seguir las repercusiones del congreso en las cuentas de Instagram de las agrupaciones, se viene picante&#x1f525;<\/p>\n<p>&nbsp;<\/p>\n<p><strong>\u00bfALGO M\u00c1S?<\/strong><\/p>\n<p>Mini agenda de actividades<\/p>\n<ul>\n<li>La semana pr\u00f3xima, todas las comisiones de Redacci\u00f3n I est\u00e1n desobligadas por el parcial del d\u00eda 09\/08. \u00a1\u00a1A Estudiar!!<\/li>\n<li>Hasta el 12\/08 en el Galp\u00f3n 11 de la ciudad, hay una <a href=\"https:\/\/www.lacapital.com.ar\/la-ciudad\/inauguran-rosario-una-muestra-inmersiva-celebrar-los-40-anos-democracia-n10075352.html\">muestra<\/a> inmersiva sobre los 40 a\u00f1os de democracia.<\/li>\n<li>\u00a1Lleg\u00f3 la edici\u00f3n 2023 de la <a href=\"https:\/\/www.rosario.gob.ar\/inicio\/feria-internacional-del-libro\">Feria Internacional del Libro<\/a> en Rosario! <strong>\u00bfCu\u00e1ndo?<\/strong> 2 al 12 de agosto. <strong>\u00bfD\u00f3nde<\/strong>? Centro Cultural Roberto Fontanarrosa (San Mart\u00edn 1080) <strong>Horarios: <\/strong>Lunes a viernes y domingo de 13 a 21 h | s\u00e1bados de 10 a 22 h | <strong>Lo mejor: <\/strong>la entrada es libre y gratuita.<\/li>\n<li>Pod\u00e9s anotarte a un <a href=\"https:\/\/fcpolit.unr.edu.ar\/curso-gratuito-de-portugues\/\">curso<\/a> online gratuito de portugu\u00e9s dictado por la UNESP. Ten\u00e9s tiempo hasta el 4 de agosto.<\/li>\n<li>La Red de Carreras de Comunicaci\u00f3n Social y Periodismo (REDCOM) est\u00e1 realizando su XXV Congreso en la provincia de La Rioja. M\u00e1s informaci\u00f3n <a href=\"https:\/\/comunicacion.unlar.edu.ar\/redcom\/programa-redcom-2023\/\">ac\u00e1<\/a>.<\/li>\n<li>Este viernes, el <a href=\"https:\/\/rosario.tur.ar\/donde-ir\/cultura\/celche\">Centro de estudios latinoamericanos Ernesto Che Guevara<\/a> y la c\u00e1tedra de Epistemolog\u00eda de nuestra carrera invitan a participar de la mesa \u201cA 100 a\u00f1os de la Escuela de Frankfurt\u201d. Aprovecha para adelantarte en Pensamiento Sociopol\u00edtico y sumar un puntito. \ud83d\ude09<\/li>\n<li>La pr\u00f3xima semana se retomar\u00e1 la programaci\u00f3n de \u201cRadio Random\u201d, donde participan algunos compa\u00f1eros ingresantes. Los d\u00edas lunes, jueves y viernes de 18 a 19 hs se transmite en vivo por el canal \u201c<a href=\"https:\/\/www.youtube.com\/@PlanetaCabezonRadio\/videos\">Planeta Cabez\u00f3n<\/a>\u201d en Youtube.<\/li>\n<\/ul>\n<p>&nbsp;<\/p>\n<p><strong>ENTRETENIMIENTO<\/strong><\/p>\n<p>Para cerrar el viernes<\/p>\n<p>Prep\u00e1rate para entretenerte con <em>Otra Semana en Comu<\/em>. Wordle es un juego en el que debes adivinar una palabra con 6 posibles intentos. En cada intento de palabra, Wordle marca en amarillo que letras utilizadas forman parte de la palabra del d\u00eda y en verde si la letra esta presente y ocupa el mismo casillero que en la original.<\/p>\n<p>PISTA: la palabra de hoy aparece en el Mail, entr\u00e1 a jugar <a href=\"https:\/\/mywordle.strivemath.com\/?word=yiivlhk&amp;lang=sp\">ac\u00e1<\/a>.<\/p>\n<p>&nbsp;<\/p>\n<p><strong>UNA RECOMENDACI\u00d3N\u00a0<\/strong><\/p>\n<p>Lo nuevo de lo viejo<\/p>\n<p>La recomendaci\u00f3n musical para arrancar este viernes con toda es el disco remasterizado <a href=\"https:\/\/open.spotify.com\/album\/4VdWh8m5cYm3XI6dhayGIg?si=SCzQumRqTRSkwXHbUKdhWQ\">\u201cEADDA9233\u201d <\/a>\u00a0de Fito P\u00e1ez.<\/p>\n<p>Prep\u00e1rate para escuchar los cl\u00e1sicos del \u201cAmor despu\u00e9s del Amor\u201d con colaboraciones muy novedosas.<\/p>\n<p>\u2014&#8212;&#8212;&#8212;&#8212;&#8212;&#8212;&#8212;&#8212;&#8212;&#8212;&#8212;&#8212;&#8212;&#8212;&#8212;&#8212;&#8212;&#8212;&#8212;&#8212;&#8212;&#8212;&#8212;&#8212;&#8212;&#8212;&#8212;&#8212;&#8212;&#8212;&#8212;&#8212;&#8212;&#8212;&#8212;&#8212;&#8212;&#8212;&#8212;&#8212;&#8212;&#8212;&#8212;&#8212;&#8212;&#8212;&#8212;&#8212;&#8212;&#8212;&#8212;&#8212;&#8212;&#8212;&#8212;&#8212;&#8212;&#8212;&#8212;&#8212;&#8212;&#8212;&#8212;&#8211;<\/p>\n<p>Esta newsletter es una experiencia colaborativa que realizamos desde la comisi\u00f3n \u201cMi\u00e9rcoles 8 hs &#8211; Rosales\u201d de Redacci\u00f3n 1.<\/p>\n<p>Si te reenviaron este mail y quer\u00e9s recibirlo directamente escribinos a <a href=\"mailto:otrasemanaencomu@gmail.com\">otrasemanaencomu@gmail.com<\/a><\/p>\n<p>&nbsp;<\/p>\n<p><strong>NEWS 2<\/strong><\/p>\n<p>&nbsp;<\/p>\n<p><strong><em>Auriculares inquietos<\/em><\/strong><\/p>\n<p>by Agustina Dolce y Julieta Tamietti<\/p>\n<p>\u201cAuriculares inquietos\u201d es una experiencia colaborativa realizada por y para ingresantes de la carrera de Comunicaci\u00f3n Social. Tomamos como funci\u00f3n informarte acerca de las novedades musicales de cada semana, adem\u00e1s de comentarte sobre los \u00faltimos espect\u00e1culos que tendr\u00e1n lugar en Rosario, entre otras cositas. Sin m\u00e1s pre\u00e1mbulos, \u00a1que viva el rock!<\/p>\n<h1><em>\u00a1Buenas tardes auriculares inquietos!<\/em><\/h1>\n<p>Hoy sintonizamos Agus y Juli, todav\u00eda cayendo en cuenta de lo que fue el parcial del mi\u00e9rcoles, del que a todos nos dieron ganas de tomar la famosa\u00a0<strong>\u201cPastillita del olvido\u201d<\/strong>\u00a0de\u00a0<em>Tan Bionica<\/em>. Fuera de eso, ya le dijimos<strong>\u00a0\u201cBye Bye\u201d<\/strong>\u00a0al estilo de\u00a0<em>Vilma Palma e Vampiros<\/em>, y nos encontramos por primera vez para compartir esta primera entrega: la newsletters de m\u00fasica, cultura y ensalada informativa \u00a1\u00a1\u00a1\u00a1que no sab\u00edas que necesitabas!!!!<\/p>\n<p><strong><em>Conoc\u00e9 los nuevos lanzamientos<\/em><\/strong><\/p>\n<p>Leer \u00e9sta secci\u00f3n te va llevar lo mismo que escuchar\u00a0<strong>\u201c40\u201d<\/strong>\u00a0de\u00a0<em>Wos<\/em><\/p>\n<p>A ra\u00edz del estreno de Barbie la industria musical explot\u00f3. As\u00ed como explota\u00a0<em>Rafaela Carra<\/em>\u00a0que nos invita a ir al sur para hacer el amor, \u00e9sta pel\u00edcula con sus canciones y su trama nos remite a reivindicar mensajes que siempre debemos tener presentes como lo son la lucha por el feminismo y la equidad.<\/p>\n<p>Las canciones creadas en el mundo rosa, nos han regalado temazos como<strong>\u00a0\u201cPink\u201d\u00a0<\/strong>de\u00a0<em>Lizzo<\/em>. Una pieza musical que nos dice que no importa lo que usemos, ya sea un vestido o un esmoquin, lo importante es que nos sintamos empoderados con lo que llevemos puesto y que eso es lo que mejor nos queda.<\/p>\n<p>or otro lado, para tirarnos un poco abajo no del 9\u00b0 piso como\u00a0<em>Charly<\/em>\u00a0(pero un poco s\u00ed) otro masterpiece de este soundtrack es la canci\u00f3n de\u00a0<em>Billie Elish<\/em>:<strong>\u00a0\u201cWhat Was I Made For\u201d<\/strong>. La misma que cuando son\u00f3 en el cine nos hizo llorar, describe c\u00f3mo al crecer siendo una ni\u00f1a nos van condicionando con determinadas actitudes y posturas que tomar hacia la vida; y de c\u00f3mo al ir desplegando nuestras alas podemos ir derribando esos estereotipos.<\/p>\n<p>Por si las moscas, ac\u00e1 te dejamos el link para la playlist con todas las canciones de \u00e9sta rosada peli:\u00a0<a href=\"https:\/\/open.spotify.com\/playlist\/37i9dQZF1DX0wIBbVnPvie?si=b8c68b81b6b6406b\">&#8220;El mundo de Barbie&#8221;<\/a>.<\/p>\n<p><strong><em>Espect\u00e1culos aqu\u00ed y ahora<\/em><\/strong><\/p>\n<p>Leer \u00e9sta secci\u00f3n te va llevar lo mismo que escuchar\u00a0<strong>\u201cWhat We Do Is Secret\u201d<\/strong>\u00a0de\u00a0<em>Germs<\/em><\/p>\n<p>Para recomendarles dos espect\u00e1culos imperdibles para \u00e9stas pr\u00f3ximas semanas vamos con:<\/p>\n<p>Una banda con una trayectoria m\u00e1s que reconocida y respetada por todos los amantes del rock:\u00a0<strong>\u201cBersuit\u201d<\/strong><\/p>\n<ul>\n<li>\u00bfCu\u00e1ndo? \u00c9ste s\u00e1bado 12 de agosto<\/li>\n<li>\u00bfA qu\u00e9 hora? A las 21:00hs<\/li>\n<li>\u00bfEn d\u00f3nde? En La Sala de las Artes (LQB, Suipacha Bis 98, Rosario, Santa Fe)<\/li>\n<li>\u00bfPrecio? Entradas desde $ 5500<\/li>\n<\/ul>\n<p>Y si est\u00e1s para algo m\u00e1s de bailoteo actual y que amanezcas con dolor de pies te damos la opci\u00f3n tambi\u00e9n de:\u00a0<strong>\u201cLa Konga\u201d<\/strong><\/p>\n<ul>\n<li>\u00bfCu\u00e1ndo? Este viernes 18 de agosto<\/li>\n<li>\u00bfA qu\u00e9 hora? A las 21:00hs<\/li>\n<li>\u00bfEn d\u00f3nde? En el Metropolitano (Jun\u00edn 501, Rosario, Santa Fe)<\/li>\n<li>\u00bfPrecio? Entradas desde $9000<\/li>\n<\/ul>\n<p><strong><em>Cu\u00e1ntos a\u00f1os hace\u2026<\/em><\/strong><\/p>\n<p>Leer \u00e9sta secci\u00f3n te va llevar lo mismo que escuchar\u00a0<strong>\u201cRomantic lover\u201d<\/strong>\u00a0de\u00a0<em>Eyedress<\/em><\/p>\n<ul>\n<li>Una de las costumbres que nos gusta arrastrar casi como esas cajas que, a\u00fan sin abrir, sobreviven a todas las mudanzas: recordar los <strong> Las siguientes canciones propuestas cumplen 40 a\u00f1os (\u00a1como el retorno de nuestra democracia!)<\/strong>.<\/li>\n<\/ul>\n<p>Te invitamos a escucharlas en este recorrido.<\/p>\n<p>Siguiendo con la b\u00fasqueda de la reivindicaci\u00f3n, cuando la jornada de trabajo termina, las chicas solo quieren divertirse. Nos dice\u00a0<em>Cyndi Lauper<\/em>, en la canci\u00f3n\u00a0<strong>\u201cGirls just wanna have fun\u201d<\/strong>, de su \u00e1lbum \u201cShe\u2019s so unusual\u201d lanzado en el a\u00f1o 1983, convirti\u00e9ndolo en un aut\u00e9ntico hito para las juventudes, que lo entonaban en cada disco. Cyndi convierte esta canci\u00f3n en un fragmento pegadizo que dif\u00edcilmente se nos sale de la mente cuando lo recordamos.<\/p>\n<p>A diferencia de la artista con pelo naranja,\u00a0<em>The Police<\/em>, el grupo ingl\u00e9s de rock, viene a romper con la libertad, y traernos un poco la idea de pertenencia, al decirnos que cada aliento que tomemos, cada paso que hagamos, cada atadura que rompamos, cada norma que atravesemos, nos estar\u00e1n vigilando. La canci\u00f3n\u00a0<strong>\u201cEvery breath you take\u201d<\/strong>, se trata del sencillo principal del quinto y \u00faltimo \u00e1lbum de estudio de la banda. Que se convirti\u00f3 en el gran \u00e9xito de 1983, encabezando la lista Billboard de los 100 sencillos m\u00e1s vendidos durante ocho semanas.<\/p>\n<p><strong><em>Artistas emergentes<\/em><\/strong><\/p>\n<p>Leer \u00e9sta secci\u00f3n te va llevar lo mismo que escuchar\u00a0<strong>\u201cTwentieth Century Blues\u201d<\/strong>\u00a0de\u00a0<em>Noel Coward<\/em><\/p>\n<p>Esto es<strong>\u00a0<\/strong><strong>Alyx<\/strong><strong>:\u00a0<\/strong><\/p>\n<p>Conformado por Vita Broin, Ciro Covacevich, Ale Martin, Filippo, Leonardo Broin y Ciro Fern\u00e1ndez.\u00a0<strong>Alyx<\/strong>\u00a0nace como formaci\u00f3n musical a principios del a\u00f1o 2021 en la ciudad de Rosario. Su principal apuesta est\u00e1 en la incorporaci\u00f3n y combinaci\u00f3n de diferentes elementos del g\u00e9nero urbano y el pop, tomando la est\u00e9tica de otros estilos musicales, con una tendencia hacia la b\u00fasqueda de lo futurista.<\/p>\n<p>Algunos de ellos, pertenecieron a la famosa escuela secundaria de artes la \u201cNigelia Soria\u201d, \u00bfte suena? Entre sus canciones recientes pod\u00e9s escuchar\u00a0<strong>\u201cBajo las luces\u201d<\/strong>\u00a0y\u00a0<strong>\u201cEscenas\u201d<\/strong>.<\/p>\n<ul>\n<li>Si te gusta la onda y est\u00e9tica de <em>Bandalos Chinos<\/em> o <em>Conociendo Rusia<\/em>, \u00a1esta banda es para vos!<\/li>\n<\/ul>\n<p>Esta es\u00a0<strong>Parni<\/strong><strong>:<\/strong><\/p>\n<p>Cuyo nombre real es Candelaria\u00a0<strong>Parni<\/strong>: una casildense viviendo en Rosario que le gusta el t\u00e9 rojo y estudia Comunicaci\u00f3n Social en la UNR (\u00a1como nosotros!). Actualmente se encuentra cursando su segundo a\u00f1o. Adem\u00e1s es taurina (\u00a1como\u00a0<em>Lizzo<\/em>!).<\/p>\n<p>Parni, lanz\u00f3 su \u00faltimo single\u00a0<strong>\u201cCa\u00edste de la puerta\u201d<\/strong>\u00a0durante el mes de mayo, aunque su trayectoria viene desde mucho antes, alrededor del a\u00f1o 2018, cuando sub\u00eda videos a Instagram cantando covers de\u00a0<em>Jain<\/em>\u00a0(una artista francesa muy reconocida en Europa).<\/p>\n<p>Toca regularmente en el bar Bon Scott, ubicado en Pichincha 131. Quiz\u00e1s llegamos tarde (y si, puede llegar a sonar\u00a0<strong>\u201cWhere have you been\u201d\u00a0<\/strong>de\u00a0<em>Rihanna<\/em>), pero el d\u00eda de ayer 10 de agosto se present\u00f3 junto a \u201c<em>Michi Mariana\u201d<\/em>\u00a0y a \u201c<em>Imaginario<\/em>\u201d, tambi\u00e9n artistas emergentes que la rompen toda.<\/p>\n<ul>\n<li>Si te imagin\u00e1s a <em>Virus<\/em> versi\u00f3n ac\u00fastica, y la est\u00e9tica de los videos de <em>Zoe Gotusso<\/em>, Parni va a cautivar tu atenci\u00f3n, \u00a1de seguro!<\/li>\n<\/ul>\n<p><strong><em>\u00a1No sab\u00e9s lo que pas\u00f3!<\/em><\/strong><\/p>\n<p>Leer \u00e9sta secci\u00f3n te va llevar lo mismo que escuchar\u00a0<strong>\u201cOutro\u201d<\/strong>\u00a0de\u00a0<em>Amy Winehouse<\/em><\/p>\n<p>Para pasar a contarte ahora un chismecito del mundo del espect\u00e1culo, te comentamos que Lali y Moria Casan se juntaron finalmente para darle vida al videoclip de\u00a0<strong>\u201c\u00bfQui\u00e9nes son?\u201d<\/strong>, el nuevo single de\u00a0<em>Lali<\/em>.<\/p>\n<p>A ra\u00edz de \u00e9sto ambas artistas dieron una entrevista reflexionando un poco acerca de sus carreras y, de c\u00f3mo han atravesado las dificultades de ser mujeres en el universo del entretenimiento que tanto tiempo ha sido gobernado por figuras masculinas.<\/p>\n<p>-Te dejamos el link para que lo veas (est\u00e1 imperdible y son s\u00f3lo 5 mins):\u00a0<a href=\"https:\/\/www.youtube.com\/watch?v=YTzURAfkPio\">\u00bfQui\u00e9nes son? &#8211; Entrevista completa<\/a><\/p>\n<p><strong><em>Parte chivo<\/em><\/strong><\/p>\n<p>Para cerrar con \u00e9sta secci\u00f3n, escuchate:\u00a0<strong>\u201cThe best part\u201d<\/strong>\u00a0de\u00a0<em>Meghan Trainor<\/em><\/p>\n<p>Tenemos el placer de comunicarles que realizamos una playlist colaborativa:\u00a0<a href=\"https:\/\/open.spotify.com\/playlist\/2cZFJQwdunNNXUgiynt2LR?si=QYmE11nKT2-sVopM5cJ9XA&amp;pt=264405eeefa782fc4817790d38610ec5\">&#8220;Auris inkietos&#8221;<\/a>\u00a0donde estaremos subiendo semanalmente las joyitas musicales que vayan surgiendo y donde ubicamos todas (pero todas eh) las refes sonoras que hemos estado haciendo a lo largo de la news. \u00a1Los invitamos a musicalizar con nosotras!<\/p>\n<h1><em>\u00a1Gracias totales!<\/em><\/h1>\n<p>Ahora s\u00ed Auriculares, \u00a1eso ha sido todo por el d\u00eda de hoy! Nos damos a la fuga y quedamos\u00a0<strong>\u201cPr\u00f3fugas\u201d<\/strong>\u00a0de la mano de\u00a0<em>Soda Stereo<\/em>.<\/p>\n<p>Esperamos sintonizarlos la pr\u00f3xima con la versi\u00f3n que se viene CON TODA de Gina y Manu.<\/p>\n<p>Atenta y sonoramente, Agus y Juli &lt;3<\/p>\n<p>&#8212;&#8212;&#8212;&#8212;&#8212;&#8212;&#8212;&#8212;&#8212;&#8212;&#8212;&#8212;&#8212;&#8212;&#8212;&#8212;&#8212;&#8212;&#8212;&#8212;&#8212;&#8212;&#8212;&#8212;&#8212;&#8212;&#8212;&#8212;&#8212;&#8212;&#8212;&#8212;&#8212;&#8212;&#8212;&#8212;&#8212;&#8212;&#8212;&#8212;&#8212;&#8212;&#8212;&#8212;&#8212;&#8212;&#8212;&#8212;&#8212;&#8212;&#8212;&#8212;&#8212;&#8212;&#8212;&#8212;&#8212;&#8212;&#8212;&#8212;&#8212;&#8212;&#8212;&#8212;&#8212;&#8212;&#8212;&#8212;&#8212;-<\/p>\n<p>Esta newsletter es una experiencia colaborativa que realizamos desde la comisi\u00f3n \u201cViernes 8 hs &#8211; Rosales\u201d de Redacci\u00f3n 1. Si te reenviaron este mail y quer\u00e9s recibirlo directamente escribinos a\u00a0<a href=\"mailto:auricularesinquietos@gmail.com\">auricularesinquietos@gmail.com<\/a><\/p>\n<p>&#8212;&#8212;&#8212;&#8212;&#8212;&#8212;&#8212;&#8212;&#8212;&#8212;&#8212;&#8212;&#8212;&#8212;&#8212;&#8212;&#8212;&#8212;&#8212;&#8212;&#8212;&#8212;&#8212;&#8212;&#8212;&#8212;&#8212;&#8212;&#8212;&#8212;&#8212;&#8212;&#8212;&#8212;&#8212;&#8212;&#8212;&#8212;&#8212;&#8212;&#8212;&#8212;&#8212;&#8212;&#8212;&#8212;&#8212;&#8212;&#8212;&#8212;&#8212;&#8212;&#8212;&#8212;&#8212;&#8212;&#8212;&#8212;&#8212;&#8212;&#8212;&#8212;&#8212;&#8212;&#8212;&#8212;&#8212;&#8212;&#8212;-<\/p>\n<p>&nbsp;<\/p>\n","protected":false},"excerpt":{"rendered":"<p>Nos invitaron desde las comisiones de la profesora Rosales a conocer sus experiencias en la redacci\u00f3n de newletters. Nos compartieron algunas y los invitan a suscribirse al que le interese. Y por qu\u00e9 no, en nuestra comisi\u00f3n a practicar esta forma particular de redactar textos informativos, \u00bfse animan?<\/p>\n","protected":false},"author":6,"featured_media":0,"comment_status":"open","ping_status":"open","sticky":false,"template":"","format":"standard","meta":{"footnotes":""},"categories":[12],"tags":[],"_links":{"self":[{"href":"https:\/\/redaccion1.fcpolit.unr.edu.ar\/comision-mayol\/wp-json\/wp\/v2\/posts\/2015"}],"collection":[{"href":"https:\/\/redaccion1.fcpolit.unr.edu.ar\/comision-mayol\/wp-json\/wp\/v2\/posts"}],"about":[{"href":"https:\/\/redaccion1.fcpolit.unr.edu.ar\/comision-mayol\/wp-json\/wp\/v2\/types\/post"}],"author":[{"embeddable":true,"href":"https:\/\/redaccion1.fcpolit.unr.edu.ar\/comision-mayol\/wp-json\/wp\/v2\/users\/6"}],"replies":[{"embeddable":true,"href":"https:\/\/redaccion1.fcpolit.unr.edu.ar\/comision-mayol\/wp-json\/wp\/v2\/comments?post=2015"}],"version-history":[{"count":0,"href":"https:\/\/redaccion1.fcpolit.unr.edu.ar\/comision-mayol\/wp-json\/wp\/v2\/posts\/2015\/revisions"}],"wp:attachment":[{"href":"https:\/\/redaccion1.fcpolit.unr.edu.ar\/comision-mayol\/wp-json\/wp\/v2\/media?parent=2015"}],"wp:term":[{"taxonomy":"category","embeddable":true,"href":"https:\/\/redaccion1.fcpolit.unr.edu.ar\/comision-mayol\/wp-json\/wp\/v2\/categories?post=2015"},{"taxonomy":"post_tag","embeddable":true,"href":"https:\/\/redaccion1.fcpolit.unr.edu.ar\/comision-mayol\/wp-json\/wp\/v2\/tags?post=2015"}],"curies":[{"name":"wp","href":"https:\/\/api.w.org\/{rel}","templated":true}]}}