{"id":196,"date":"2010-09-11T16:59:58","date_gmt":"2010-09-11T16:59:58","guid":{"rendered":"http:\/\/fcpolit.unr.edu.ar\/blogs\/redaccion1-mayol\/2010\/09\/11\/clase-16-de-setiembre\/"},"modified":"2010-09-11T16:59:58","modified_gmt":"2010-09-11T16:59:58","slug":"clase-16-de-setiembre","status":"publish","type":"post","link":"https:\/\/redaccion1.fcpolit.unr.edu.ar\/comision-mayol\/2010\/09\/11\/clase-16-de-setiembre\/","title":{"rendered":"Clase 16 de setiembre"},"content":{"rendered":"<p><img loading=\"lazy\" decoding=\"async\" alt=\"Espa%F1a_Galicia_Concurbi%F3n%203.jpg\" src=\"http:\/\/www.bdp.org.ar\/facultad\/catedras\/comsoc\/redaccion1\/mayol\/Espa%F1a_Galicia_Concurbi%F3n%203.jpg\" width=\"441\" height=\"294\" \/><br \/>\n<em>Concurbi\u00f3n, Espa\u00f1a<br \/>\n(foto:mauri)<\/em><br \/>\n<strong>COMISI\u00d3N 8<\/strong><br \/>\nPara leer en casa.<\/p>\n<p><!--more--><br \/>\nDebido al paro docente del jueves 16 de setiembre, van a leer a distancia los siguientes textos de la unidad de narrativa:<br \/>\n<a href=\"http:\/\/www.bdp.org.ar\/facultad\/catedras\/comsoc\/redaccion1\/unidades\/2008\/04\/dos_modalidades_de_pensamiento.php\">Dos modalidades de pensamiento<\/a><br \/>\n<a href=\"http:\/\/www.bdp.org.ar\/facultad\/catedras\/comsoc\/redaccion1\/unidades\/2008\/04\/la_inteligibilidad_narrativa.php\">La inteligibilidad narrativa<\/a><br \/>\nY realizar el Trabajo Pr\u00e1ctico: Ficciones Hist\u00f3ricas para mandar hasta el 20 de setiembre.<\/p>\n","protected":false},"excerpt":{"rendered":"<p>Concurbi\u00f3n, Espa\u00f1a (foto:mauri) COMISI\u00d3N 8 Para leer en casa.<\/p>\n","protected":false},"author":6,"featured_media":0,"comment_status":"open","ping_status":"closed","sticky":false,"template":"","format":"standard","meta":{"footnotes":""},"categories":[11],"tags":[],"_links":{"self":[{"href":"https:\/\/redaccion1.fcpolit.unr.edu.ar\/comision-mayol\/wp-json\/wp\/v2\/posts\/196"}],"collection":[{"href":"https:\/\/redaccion1.fcpolit.unr.edu.ar\/comision-mayol\/wp-json\/wp\/v2\/posts"}],"about":[{"href":"https:\/\/redaccion1.fcpolit.unr.edu.ar\/comision-mayol\/wp-json\/wp\/v2\/types\/post"}],"author":[{"embeddable":true,"href":"https:\/\/redaccion1.fcpolit.unr.edu.ar\/comision-mayol\/wp-json\/wp\/v2\/users\/6"}],"replies":[{"embeddable":true,"href":"https:\/\/redaccion1.fcpolit.unr.edu.ar\/comision-mayol\/wp-json\/wp\/v2\/comments?post=196"}],"version-history":[{"count":0,"href":"https:\/\/redaccion1.fcpolit.unr.edu.ar\/comision-mayol\/wp-json\/wp\/v2\/posts\/196\/revisions"}],"wp:attachment":[{"href":"https:\/\/redaccion1.fcpolit.unr.edu.ar\/comision-mayol\/wp-json\/wp\/v2\/media?parent=196"}],"wp:term":[{"taxonomy":"category","embeddable":true,"href":"https:\/\/redaccion1.fcpolit.unr.edu.ar\/comision-mayol\/wp-json\/wp\/v2\/categories?post=196"},{"taxonomy":"post_tag","embeddable":true,"href":"https:\/\/redaccion1.fcpolit.unr.edu.ar\/comision-mayol\/wp-json\/wp\/v2\/tags?post=196"}],"curies":[{"name":"wp","href":"https:\/\/api.w.org\/{rel}","templated":true}]}}