{"id":1955,"date":"2023-05-31T18:53:17","date_gmt":"2023-05-31T18:53:17","guid":{"rendered":"https:\/\/blogs.fcpolit.unr.edu.ar\/redaccion1-mayol\/?p=1955"},"modified":"2023-05-31T18:53:17","modified_gmt":"2023-05-31T18:53:17","slug":"actividades-para-noticia","status":"publish","type":"post","link":"https:\/\/redaccion1.fcpolit.unr.edu.ar\/comision-mayol\/2023\/05\/31\/actividades-para-noticia\/","title":{"rendered":"Actividades para noticia"},"content":{"rendered":"<p>Algunas actividades sobre noticias para realizar en taller en grupo y compartirlas en clase.<\/p>\n<p><!--more--><\/p>\n<p><strong>Reconstruir el lid<\/strong><br \/>\nEn base a la informaci\u00f3n brindada en el texto de las noticias redactar un lid y un t\u00edtulo<\/p>\n<p>Noticia 1: &#8220;Tres dotaciones con escaleras combatieron el fuego, que fue dominado en poco m\u00e1s de una hora, en el edificio de 9 pisos, que fue evacuado en su totalidad.<br \/>\nLa polic\u00eda cort\u00f3 el tr\u00e1nsito sobre la calle Mitre y sus adyacentes.<br \/>\nUna mujer, ocupante del departamento incendiado, result\u00f3 con quemaduras leves en sus brazos, en tanto otras dos personas de sexo femenino, una anciana y su cuidadora, fueron sacadas con principio de asfixia y debieron ser trasladadas para ser atendidas de urgencia.<br \/>\nEn tanto, una pareja grande abandon\u00f3 por sus propios medios el edificio cuando los bomberos ya trabajaban para combatir las llamas, tarea que se vio dificultada por los altos \u00e1rboles del lugar, que no permitieron un normal desempe\u00f1o de las escaleras mec\u00e1nicas.<br \/>\nEl departamento siniestrado result\u00f3 totalmente destruido, se indic\u00f3.&#8221;<\/p>\n<p>Noticia 2:\u00a0&#8220;En abril de 2012, la mujer sac\u00f3 a la nena del pa\u00eds con el falso permiso y haci\u00e9ndola pasar por hija de otro hombre que la acompa\u00f1aba. Durante siete meses, el pap\u00e1 de la nena no tuvo noticias del paradero de la chica \u2013que ahora tiene 12 a\u00f1os-, hasta que finalmente la ubic\u00f3 y en el 2014 la justicia rosarina le otorg\u00f3 la tenencia.<br \/>\nAhora, el Tribunal de Familia N\u00ba 3 de Rosario conden\u00f3 a la mujer a un a\u00f1o de prisi\u00f3n condicional por el delito de falsedad ideol\u00f3gica de instrumento p\u00fablico y deber\u00e1 reportar su residencia en el pa\u00eds cada seis meses durante dos a\u00f1os.<br \/>\nAdem\u00e1s, la jueza Graciela Carciente orden\u00f3 que se la incluya en el registro de padres morosos, ya que adeuda las cuotas de alimentos desde el momento en que se le otorg\u00f3 la tenencia al progenitor. As\u00ed, se convirti\u00f3 en la primera mujer en integrar la lista.&#8221;<\/p>\n<p><strong>Pir\u00e1mide de noticias<\/strong><br \/>\nLe\u00e9 algunas noticias de la semana de diarios digitales. Eleg\u00ed una o m\u00e1s sobre el mismo tema. Extra\u00e9 de la noticia las preguntas informativas: qu\u00e9 pas\u00f3, cu\u00e1ndo, d\u00f3nde, c\u00f3mo, qui\u00e9n\/a qui\u00e9n.<br \/>\nCerr\u00e1 el diario y redact\u00e1 tu propia versi\u00f3n de la noticia. Tiene que ser una noticia directa breve que conste de: t\u00edtulo, bajada, lid (primer p\u00e1rrafo) y un p\u00e1rrafo m\u00e1s de ampliaci\u00f3n (segundo p\u00e1rrafo).<\/p>\n<p><strong>Pir\u00e1mide con actos de habla<\/strong><br \/>\nRedactar una noticia con estructura de pir\u00e1mide invertida sobre un tema destacado en la informaci\u00f3n de la semana.<br \/>\nConsiderando que el macroacto de habla de la noticia es \u00abinformar\u00bb, se\u00f1alar la secuencia de actos de habla presentes en el texto de la noticia redactada.<\/p>\n","protected":false},"excerpt":{"rendered":"<p>Algunas actividades sobre noticias para realizar en taller en grupo y compartirlas en clase.<\/p>\n","protected":false},"author":6,"featured_media":0,"comment_status":"open","ping_status":"open","sticky":false,"template":"","format":"standard","meta":{"footnotes":""},"categories":[13],"tags":[],"_links":{"self":[{"href":"https:\/\/redaccion1.fcpolit.unr.edu.ar\/comision-mayol\/wp-json\/wp\/v2\/posts\/1955"}],"collection":[{"href":"https:\/\/redaccion1.fcpolit.unr.edu.ar\/comision-mayol\/wp-json\/wp\/v2\/posts"}],"about":[{"href":"https:\/\/redaccion1.fcpolit.unr.edu.ar\/comision-mayol\/wp-json\/wp\/v2\/types\/post"}],"author":[{"embeddable":true,"href":"https:\/\/redaccion1.fcpolit.unr.edu.ar\/comision-mayol\/wp-json\/wp\/v2\/users\/6"}],"replies":[{"embeddable":true,"href":"https:\/\/redaccion1.fcpolit.unr.edu.ar\/comision-mayol\/wp-json\/wp\/v2\/comments?post=1955"}],"version-history":[{"count":0,"href":"https:\/\/redaccion1.fcpolit.unr.edu.ar\/comision-mayol\/wp-json\/wp\/v2\/posts\/1955\/revisions"}],"wp:attachment":[{"href":"https:\/\/redaccion1.fcpolit.unr.edu.ar\/comision-mayol\/wp-json\/wp\/v2\/media?parent=1955"}],"wp:term":[{"taxonomy":"category","embeddable":true,"href":"https:\/\/redaccion1.fcpolit.unr.edu.ar\/comision-mayol\/wp-json\/wp\/v2\/categories?post=1955"},{"taxonomy":"post_tag","embeddable":true,"href":"https:\/\/redaccion1.fcpolit.unr.edu.ar\/comision-mayol\/wp-json\/wp\/v2\/tags?post=1955"}],"curies":[{"name":"wp","href":"https:\/\/api.w.org\/{rel}","templated":true}]}}