{"id":1879,"date":"2022-09-22T19:41:04","date_gmt":"2022-09-22T19:41:04","guid":{"rendered":"http:\/\/blogs-fcpolit.unr.edu.ar\/redaccion1-mayol\/?p=1879"},"modified":"2022-09-22T19:41:04","modified_gmt":"2022-09-22T19:41:04","slug":"entrega-de-trabajos-proximas-semanas","status":"publish","type":"post","link":"https:\/\/redaccion1.fcpolit.unr.edu.ar\/comision-mayol\/2022\/09\/22\/entrega-de-trabajos-proximas-semanas\/","title":{"rendered":"Entrega de trabajos pr\u00f3ximas semanas"},"content":{"rendered":"<p>Del 26\/9 al 30\/9<br \/>\nTrabajo Pr\u00e1ctico 5: <a href=\"https:\/\/blogs-fcpolit.unr.edu.ar\/redaccion1-mayol\/2022\/09\/16\/trabajo-practico-mi-version-de-una-cronica\/\" target=\"_blank\" rel=\"noopener\">Mi versi\u00f3n de una cr\u00f3nica<\/a><br \/>\nDel 3\/10 al 7\/10<br \/>\nTrabajo Integrador 4.2: <a href=\"https:\/\/blogs-fcpolit.unr.edu.ar\/programa\/2020\/07\/29\/trabajo-practico-unidad-4-2-textos-conversacionales\/\" target=\"_blank\" rel=\"noopener\">Una entrevista propia<\/a><br \/>\nDel 10\/10 al 14\/10<br \/>\nTrabajo Integrador 4.3: <a href=\"https:\/\/blogs-fcpolit.unr.edu.ar\/programa\/2022\/09\/15\/trabajo-practico-una-cronica-barrial\/\" target=\"_blank\" rel=\"noopener\">Una cr\u00f3nica barrial<\/a><\/p>\n","protected":false},"excerpt":{"rendered":"<p>Del 26\/9 al 30\/9 Trabajo Pr\u00e1ctico 5: Mi versi\u00f3n de una cr\u00f3nica Del 3\/10 al 7\/10 Trabajo Integrador 4.2: Una entrevista propia Del 10\/10 al 14\/10 Trabajo Integrador 4.3: Una cr\u00f3nica barrial<\/p>\n","protected":false},"author":6,"featured_media":0,"comment_status":"open","ping_status":"open","sticky":false,"template":"","format":"standard","meta":{"footnotes":""},"categories":[24],"tags":[],"_links":{"self":[{"href":"https:\/\/redaccion1.fcpolit.unr.edu.ar\/comision-mayol\/wp-json\/wp\/v2\/posts\/1879"}],"collection":[{"href":"https:\/\/redaccion1.fcpolit.unr.edu.ar\/comision-mayol\/wp-json\/wp\/v2\/posts"}],"about":[{"href":"https:\/\/redaccion1.fcpolit.unr.edu.ar\/comision-mayol\/wp-json\/wp\/v2\/types\/post"}],"author":[{"embeddable":true,"href":"https:\/\/redaccion1.fcpolit.unr.edu.ar\/comision-mayol\/wp-json\/wp\/v2\/users\/6"}],"replies":[{"embeddable":true,"href":"https:\/\/redaccion1.fcpolit.unr.edu.ar\/comision-mayol\/wp-json\/wp\/v2\/comments?post=1879"}],"version-history":[{"count":0,"href":"https:\/\/redaccion1.fcpolit.unr.edu.ar\/comision-mayol\/wp-json\/wp\/v2\/posts\/1879\/revisions"}],"wp:attachment":[{"href":"https:\/\/redaccion1.fcpolit.unr.edu.ar\/comision-mayol\/wp-json\/wp\/v2\/media?parent=1879"}],"wp:term":[{"taxonomy":"category","embeddable":true,"href":"https:\/\/redaccion1.fcpolit.unr.edu.ar\/comision-mayol\/wp-json\/wp\/v2\/categories?post=1879"},{"taxonomy":"post_tag","embeddable":true,"href":"https:\/\/redaccion1.fcpolit.unr.edu.ar\/comision-mayol\/wp-json\/wp\/v2\/tags?post=1879"}],"curies":[{"name":"wp","href":"https:\/\/api.w.org\/{rel}","templated":true}]}}