{"id":187,"date":"2010-07-03T17:27:32","date_gmt":"2010-07-03T17:27:32","guid":{"rendered":"http:\/\/fcpolit.unr.edu.ar\/blogs\/redaccion1-mayol\/2010\/07\/03\/vacaciones-y-receso\/"},"modified":"2010-07-03T17:27:32","modified_gmt":"2010-07-03T17:27:32","slug":"vacaciones-y-receso","status":"publish","type":"post","link":"https:\/\/redaccion1.fcpolit.unr.edu.ar\/comision-mayol\/2010\/07\/03\/vacaciones-y-receso\/","title":{"rendered":"Vacaciones y Receso"},"content":{"rendered":"<p><img loading=\"lazy\" decoding=\"async\" alt=\"ISLAS%20ROSARIO%207.JPG\" src=\"http:\/\/www.bdp.org.ar\/facultad\/catedras\/comsoc\/redaccion1\/mayol\/ISLAS%20ROSARIO%207.JPG\" width=\"406\" height=\"271\" \/><br \/>\n<em>Islas del Rosario, Caribe<br \/>\n(foto:mauri)<\/em><br \/>\n<strong>COMISI\u00d3N 2 Y 8<\/strong><\/p>\n<p><!--more--><br \/>\nTerminamos el 1\u00ba Cuatrimestre y nos preparamos para el Segundo.<br \/>\nDesde el 5 al 19 de julio entramos en per\u00edodo de vacaciones de invierno, por lo tanto se suspenden las actividades relacionadas a la correcci\u00f3n y entrega de trabajos.<br \/>\nDesde el 19 de julio al 16 de agosto se establece un receso de actividades en la facultad debido a la toma de ex\u00e1menes. Durante este tiempo deber\u00e1n entregar los Trabajos Pr\u00e1cticos correspondientes a la <strong>Unidad 4<\/strong>, con fecha l\u00edmite de entrega el lunes <strong>9 de agosto<\/strong>.<br \/>\n<strong>Favor de no entregar todos los trabajos juntos el \u00faltimo d\u00eda<\/strong> para facilitar la correcci\u00f3n de los mismos.<br \/>\n<u>Trabajos Pr\u00e1cticos para entregar<\/u>:<br \/>\n<a href=\"http:\/\/www.bdp.org.ar\/facultad\/catedras\/comsoc\/redaccion1\/mayol\/2010\/07\/literatura_con_vallas.php#more\">Literatura con vallas<\/a><br \/>\n<a href=\"http:\/\/www.bdp.org.ar\/facultad\/catedras\/comsoc\/redaccion1\/mayol\/2010\/07\/transformacion.php#more\">Transformaci\u00f3n<\/a><br \/>\n<a href=\"http:\/\/www.bdp.org.ar\/facultad\/catedras\/comsoc\/redaccion1\/mayol\/2010\/07\/noticias_sin_titulo.php#more\">Noticias sin t\u00edtulo<\/a><br \/>\n<a href=\"http:\/\/www.bdp.org.ar\/facultad\/catedras\/comsoc\/redaccion1\/mayol\/2010\/07\/titulos_sin_noticias.php#more\">T\u00edtulos sin noticias<\/a><br \/>\n<a href=\"http:\/\/www.bdp.org.ar\/facultad\/catedras\/comsoc\/redaccion1\/mayol\/2010\/07\/dos_noticias.php#more\">Dos noticias<\/a><br \/>\nEsa misma semana se publicar\u00e1 los textos de lectura para la primera clase del 2\u00ba cuatrimestre.<br \/>\nDisfruten sus vacaciones, trabajen y repasen los temas de la unidad cuatro durante el receso y nos vemos en agosto.<\/p>\n","protected":false},"excerpt":{"rendered":"<p>Islas del Rosario, Caribe (foto:mauri) COMISI\u00d3N 2 Y 8<\/p>\n","protected":false},"author":6,"featured_media":0,"comment_status":"open","ping_status":"closed","sticky":false,"template":"","format":"standard","meta":{"footnotes":""},"categories":[11],"tags":[],"_links":{"self":[{"href":"https:\/\/redaccion1.fcpolit.unr.edu.ar\/comision-mayol\/wp-json\/wp\/v2\/posts\/187"}],"collection":[{"href":"https:\/\/redaccion1.fcpolit.unr.edu.ar\/comision-mayol\/wp-json\/wp\/v2\/posts"}],"about":[{"href":"https:\/\/redaccion1.fcpolit.unr.edu.ar\/comision-mayol\/wp-json\/wp\/v2\/types\/post"}],"author":[{"embeddable":true,"href":"https:\/\/redaccion1.fcpolit.unr.edu.ar\/comision-mayol\/wp-json\/wp\/v2\/users\/6"}],"replies":[{"embeddable":true,"href":"https:\/\/redaccion1.fcpolit.unr.edu.ar\/comision-mayol\/wp-json\/wp\/v2\/comments?post=187"}],"version-history":[{"count":0,"href":"https:\/\/redaccion1.fcpolit.unr.edu.ar\/comision-mayol\/wp-json\/wp\/v2\/posts\/187\/revisions"}],"wp:attachment":[{"href":"https:\/\/redaccion1.fcpolit.unr.edu.ar\/comision-mayol\/wp-json\/wp\/v2\/media?parent=187"}],"wp:term":[{"taxonomy":"category","embeddable":true,"href":"https:\/\/redaccion1.fcpolit.unr.edu.ar\/comision-mayol\/wp-json\/wp\/v2\/categories?post=187"},{"taxonomy":"post_tag","embeddable":true,"href":"https:\/\/redaccion1.fcpolit.unr.edu.ar\/comision-mayol\/wp-json\/wp\/v2\/tags?post=187"}],"curies":[{"name":"wp","href":"https:\/\/api.w.org\/{rel}","templated":true}]}}