{"id":1866,"date":"2022-09-09T17:08:37","date_gmt":"2022-09-09T17:08:37","guid":{"rendered":"http:\/\/blogs-fcpolit.unr.edu.ar\/redaccion1-mayol\/?p=1866"},"modified":"2022-09-09T17:08:37","modified_gmt":"2022-09-09T17:08:37","slug":"actividad-transformar-un-cuento-en-noticia","status":"publish","type":"post","link":"https:\/\/redaccion1.fcpolit.unr.edu.ar\/comision-mayol\/2022\/09\/09\/actividad-transformar-un-cuento-en-noticia\/","title":{"rendered":"Actividad: transformar un cuento en noticia"},"content":{"rendered":"<p>Consigna: leer el cuento y en grupos transformarlo en una noticia con t\u00edtulo, indicar qu\u00e9 cambios y adaptaciones hicieron al pasar el texto del cuento a noticia y qu\u00e9 elementos conservaron.<\/p>\n<p><!--more--><\/p>\n<p><strong>Tema para un Tapiz<\/strong> (Julio Cort\u00e1zar)<br \/>\nEl general tiene s\u00f3lo ochenta hombres, y el enemigo, cinco mil. En su tienda el general blasfema y llora. Entonces escribe una proclama inspirada, que palomas mensajeras derraman sobre el campamento enemigo. Doscientos infantes se pasan al general. Sigue una escaramuza, que el general gana f\u00e1cilmente, y dos regimientos se pasan a su bando. Tres d\u00edas despu\u00e9s el enemigo tiene s\u00f3lo ochenta hombres y el general cinco mil.<br \/>\nEntonces el general escribe otra proclama, y setenta y nueve hombres se pasan a su bando. S\u00f3lo queda un enemigo, rodeado por el ej\u00e9rcito del general, que espera en silencio. Transcurre la noche y el enemigo no se ha pasado a su bando. El general blasfema y llora en su tienda. Al alba el enemigo desenvaina lentamente la espada y avanza hacia la tienda del general. Entra y lo mira. El ej\u00e9rcito del general se desbanda. Sale el sol.<\/p>\n<p>&nbsp;<\/p>\n","protected":false},"excerpt":{"rendered":"<p>Consigna: leer el cuento y en grupos transformarlo en una noticia con t\u00edtulo, indicar qu\u00e9 cambios y adaptaciones hicieron al pasar el texto del cuento a noticia y qu\u00e9 elementos conservaron.<\/p>\n","protected":false},"author":6,"featured_media":0,"comment_status":"open","ping_status":"open","sticky":false,"template":"","format":"standard","meta":{"footnotes":""},"categories":[13],"tags":[],"_links":{"self":[{"href":"https:\/\/redaccion1.fcpolit.unr.edu.ar\/comision-mayol\/wp-json\/wp\/v2\/posts\/1866"}],"collection":[{"href":"https:\/\/redaccion1.fcpolit.unr.edu.ar\/comision-mayol\/wp-json\/wp\/v2\/posts"}],"about":[{"href":"https:\/\/redaccion1.fcpolit.unr.edu.ar\/comision-mayol\/wp-json\/wp\/v2\/types\/post"}],"author":[{"embeddable":true,"href":"https:\/\/redaccion1.fcpolit.unr.edu.ar\/comision-mayol\/wp-json\/wp\/v2\/users\/6"}],"replies":[{"embeddable":true,"href":"https:\/\/redaccion1.fcpolit.unr.edu.ar\/comision-mayol\/wp-json\/wp\/v2\/comments?post=1866"}],"version-history":[{"count":0,"href":"https:\/\/redaccion1.fcpolit.unr.edu.ar\/comision-mayol\/wp-json\/wp\/v2\/posts\/1866\/revisions"}],"wp:attachment":[{"href":"https:\/\/redaccion1.fcpolit.unr.edu.ar\/comision-mayol\/wp-json\/wp\/v2\/media?parent=1866"}],"wp:term":[{"taxonomy":"category","embeddable":true,"href":"https:\/\/redaccion1.fcpolit.unr.edu.ar\/comision-mayol\/wp-json\/wp\/v2\/categories?post=1866"},{"taxonomy":"post_tag","embeddable":true,"href":"https:\/\/redaccion1.fcpolit.unr.edu.ar\/comision-mayol\/wp-json\/wp\/v2\/tags?post=1866"}],"curies":[{"name":"wp","href":"https:\/\/api.w.org\/{rel}","templated":true}]}}