{"id":182,"date":"2010-07-03T15:53:36","date_gmt":"2010-07-03T15:53:36","guid":{"rendered":"http:\/\/fcpolit.unr.edu.ar\/blogs\/redaccion1-mayol\/2010\/07\/03\/literatura-con-vallas\/"},"modified":"2010-07-03T15:53:36","modified_gmt":"2010-07-03T15:53:36","slug":"literatura-con-vallas","status":"publish","type":"post","link":"https:\/\/redaccion1.fcpolit.unr.edu.ar\/comision-mayol\/2010\/07\/03\/literatura-con-vallas\/","title":{"rendered":"Literatura con Vallas"},"content":{"rendered":"<p><strong>TRABAJO PR\u00c1CTICO<\/strong><\/p>\n<blockquote><p><span style=\"text-decoration: underline\">Consigna<\/span>:<br \/>\n<strong>1.<\/strong> Leer el cuento <a href=\"https:\/\/blogs.fcpolit.unr.edu.ar\/programa\/2008\/04\/10\/literatura-con-vallas-leo-masliah\/\">Literatura con vallas<\/a> de Leo Masliah.<br \/>\n<strong>2.<\/strong> Se\u00f1alar en el cuento los <a href=\"https:\/\/blogs.fcpolit.unr.edu.ar\/programa\/2008\/03\/19\/factores-de-la-coherencia-m-isabel-de-gregorio-y-m-cristina-rebola\/\">factores de coherencia<\/a>.<br \/>\n<strong>3.<\/strong> Se\u00f1alar en el cuento los <a href=\"https:\/\/blogs.fcpolit.unr.edu.ar\/programa\/2008\/04\/02\/cohesion\/\">mecanismos de cohesi\u00f3n textual<\/a>.<br \/>\n<strong>4.<\/strong> Redactar un texto breve explicando la importancia de esos mecanismos para la creaci\u00f3n de la coherencia global y la interpretacion del lector.<\/p><\/blockquote>\n","protected":false},"excerpt":{"rendered":"<p>TRABAJO PR\u00c1CTICO Consigna: 1. Leer el cuento Literatura con vallas de Leo Masliah. 2. Se\u00f1alar en el cuento los factores de coherencia. 3. Se\u00f1alar en el cuento los mecanismos de cohesi\u00f3n textual. 4. Redactar un texto breve explicando la importancia de esos mecanismos para la creaci\u00f3n de la coherencia global y la interpretacion del lector.<\/p>\n","protected":false},"author":6,"featured_media":0,"comment_status":"open","ping_status":"closed","sticky":false,"template":"","format":"standard","meta":{"footnotes":""},"categories":[3],"tags":[],"_links":{"self":[{"href":"https:\/\/redaccion1.fcpolit.unr.edu.ar\/comision-mayol\/wp-json\/wp\/v2\/posts\/182"}],"collection":[{"href":"https:\/\/redaccion1.fcpolit.unr.edu.ar\/comision-mayol\/wp-json\/wp\/v2\/posts"}],"about":[{"href":"https:\/\/redaccion1.fcpolit.unr.edu.ar\/comision-mayol\/wp-json\/wp\/v2\/types\/post"}],"author":[{"embeddable":true,"href":"https:\/\/redaccion1.fcpolit.unr.edu.ar\/comision-mayol\/wp-json\/wp\/v2\/users\/6"}],"replies":[{"embeddable":true,"href":"https:\/\/redaccion1.fcpolit.unr.edu.ar\/comision-mayol\/wp-json\/wp\/v2\/comments?post=182"}],"version-history":[{"count":0,"href":"https:\/\/redaccion1.fcpolit.unr.edu.ar\/comision-mayol\/wp-json\/wp\/v2\/posts\/182\/revisions"}],"wp:attachment":[{"href":"https:\/\/redaccion1.fcpolit.unr.edu.ar\/comision-mayol\/wp-json\/wp\/v2\/media?parent=182"}],"wp:term":[{"taxonomy":"category","embeddable":true,"href":"https:\/\/redaccion1.fcpolit.unr.edu.ar\/comision-mayol\/wp-json\/wp\/v2\/categories?post=182"},{"taxonomy":"post_tag","embeddable":true,"href":"https:\/\/redaccion1.fcpolit.unr.edu.ar\/comision-mayol\/wp-json\/wp\/v2\/tags?post=182"}],"curies":[{"name":"wp","href":"https:\/\/api.w.org\/{rel}","templated":true}]}}