{"id":181,"date":"2010-06-28T14:40:24","date_gmt":"2010-06-28T14:40:24","guid":{"rendered":"http:\/\/fcpolit.unr.edu.ar\/blogs\/redaccion1-mayol\/2010\/06\/28\/recuperatorio-i\/"},"modified":"2010-06-28T14:40:24","modified_gmt":"2010-06-28T14:40:24","slug":"recuperatorio-i","status":"publish","type":"post","link":"https:\/\/redaccion1.fcpolit.unr.edu.ar\/comision-mayol\/2010\/06\/28\/recuperatorio-i\/","title":{"rendered":"Recuperatorio I"},"content":{"rendered":"<p><img loading=\"lazy\" decoding=\"async\" alt=\"img150-25.jpg\" src=\"http:\/\/www.bdp.org.ar\/facultad\/catedras\/comsoc\/redaccion1\/mayol\/img150-25.jpg\" width=\"435\" height=\"277\" \/><br \/>\n<em>Iguaz\u00fa, Misiones<br \/>\n(foto:mauri)<\/em><br \/>\nEl jueves 1 de julio tomaremos el recuperatorio del Trabajo Integrador I, en el Sal\u00f3n de Internet, en los siguientes horarios:<br \/>\n<u>Comisi\u00f3n 8<\/u>:  <strong>14 hs<\/strong><br \/>\n<u>Comisi\u00f3n 2<\/u>:  <strong>15,30 hs<\/strong><\/p>\n<p><!--more--><\/p>\n<blockquote><p><strong>COMISI\u00d3N 2<\/strong><br \/>\n<strong>Aprobados<\/strong><br \/>\nALBINI, Marilina &#8211; <strong>7 SIETE<\/strong><br \/>\nBARLETTA, Antonella &#8211; <strong>7 SIETE<\/strong><br \/>\nCOSTANTINI, Agustina &#8211; <strong>9 NUEVE<\/strong><br \/>\nMINIGO, Nadia &#8211; <strong>7 SIETE<\/strong><br \/>\nMOLBERT, Brenda &#8211; <strong>6 SEIS<\/strong><br \/>\nSCETI, Agustina &#8211; <strong>6 SEIS<\/strong><br \/>\nVILLAVERDE, Tom\u00e1s &#8211; <strong>6 SEIS<\/strong><br \/>\n<strong>No aprobaron<\/strong><br \/>\nCABRAL, Alejandro<br \/>\nCATAL\u00c1N, Mar\u00eda Victoria<br \/>\nGONZ\u00c1LEZ DIEZ, Ignacio<br \/>\nMORATINOS, Mar\u00eda Bel\u00e9n<br \/>\nMOYANO. Yanina<br \/>\nPAZ, Pablo<br \/>\nPONTI, Mayra<br \/>\nREBUFFO, Nabila<br \/>\n<strong>Ausentes<\/strong><br \/>\nCOLOMBO, Luis<br \/>\nDI BIAGIO, Ernestina<br \/>\nORTOLANI, Narela<\/p><\/blockquote>\n<blockquote><p><strong>COMISI\u00d3N 8<\/strong><br \/>\n<strong>Aprobados<\/strong><br \/>\nBRITEZ, Rodrigo &#8211; <strong>7 SIETE<\/strong><br \/>\nCABALLERO, Marina &#8211; <strong>6 SEIS<\/strong><br \/>\nCUPIDO, Ramiro &#8211; <strong>10 DIEZ<\/strong><br \/>\nFERNANDEZ, Joaqu\u00edn &#8211; <strong>6 SEIS<\/strong><br \/>\nHAURE, Mauro &#8211; <strong>6 SEIS<\/strong><br \/>\nLOVIGN\u00c9, Martina &#8211; <strong>8 OCHO<\/strong><br \/>\nRAMOS, Leonardo Hugo &#8211; <strong>7 SIETE<\/strong><br \/>\nSANCHEZ, Francisco &#8211; <strong>6 SEIS<\/strong><br \/>\n<strong>No aprobaron<\/strong><br \/>\nCAMACHO, Araceli<br \/>\nCONDIS, Mayra<br \/>\nDE LAURENTIIS, M. Agustina<br \/>\nECHAGUIBEL, Agust\u00edn<br \/>\nESPINOZA, Julieta<br \/>\nPORTILLO, Pablo<br \/>\nRAMACCIONI, Ramiro<br \/>\nROCCA, Julia<\/p><\/blockquote>\n","protected":false},"excerpt":{"rendered":"<p>Iguaz\u00fa, Misiones (foto:mauri) El jueves 1 de julio tomaremos el recuperatorio del Trabajo Integrador I, en el Sal\u00f3n de Internet, en los siguientes horarios: Comisi\u00f3n 8: 14 hs Comisi\u00f3n 2: 15,30 hs<\/p>\n","protected":false},"author":6,"featured_media":0,"comment_status":"open","ping_status":"closed","sticky":false,"template":"","format":"standard","meta":{"footnotes":""},"categories":[11],"tags":[],"_links":{"self":[{"href":"https:\/\/redaccion1.fcpolit.unr.edu.ar\/comision-mayol\/wp-json\/wp\/v2\/posts\/181"}],"collection":[{"href":"https:\/\/redaccion1.fcpolit.unr.edu.ar\/comision-mayol\/wp-json\/wp\/v2\/posts"}],"about":[{"href":"https:\/\/redaccion1.fcpolit.unr.edu.ar\/comision-mayol\/wp-json\/wp\/v2\/types\/post"}],"author":[{"embeddable":true,"href":"https:\/\/redaccion1.fcpolit.unr.edu.ar\/comision-mayol\/wp-json\/wp\/v2\/users\/6"}],"replies":[{"embeddable":true,"href":"https:\/\/redaccion1.fcpolit.unr.edu.ar\/comision-mayol\/wp-json\/wp\/v2\/comments?post=181"}],"version-history":[{"count":0,"href":"https:\/\/redaccion1.fcpolit.unr.edu.ar\/comision-mayol\/wp-json\/wp\/v2\/posts\/181\/revisions"}],"wp:attachment":[{"href":"https:\/\/redaccion1.fcpolit.unr.edu.ar\/comision-mayol\/wp-json\/wp\/v2\/media?parent=181"}],"wp:term":[{"taxonomy":"category","embeddable":true,"href":"https:\/\/redaccion1.fcpolit.unr.edu.ar\/comision-mayol\/wp-json\/wp\/v2\/categories?post=181"},{"taxonomy":"post_tag","embeddable":true,"href":"https:\/\/redaccion1.fcpolit.unr.edu.ar\/comision-mayol\/wp-json\/wp\/v2\/tags?post=181"}],"curies":[{"name":"wp","href":"https:\/\/api.w.org\/{rel}","templated":true}]}}