{"id":1793,"date":"2022-04-21T13:10:02","date_gmt":"2022-04-21T13:10:02","guid":{"rendered":"http:\/\/blogs-fcpolit.unr.edu.ar\/redaccion1-mayol\/?p=1793"},"modified":"2022-04-21T13:10:02","modified_gmt":"2022-04-21T13:10:02","slug":"clase-7-26-4-y-28-4","status":"publish","type":"post","link":"https:\/\/redaccion1.fcpolit.unr.edu.ar\/comision-mayol\/2022\/04\/21\/clase-7-26-4-y-28-4\/","title":{"rendered":"Clase 7: 26\/4 y 28\/4"},"content":{"rendered":"<p>Esta semana no se dan clases presenciales ya que es la semana de ex\u00e1menes del calendario acad\u00e9mico.<br \/>\nPero s\u00ed habr\u00e1 una actividad no presencial, durante estos d\u00edas har\u00e1n el <strong>Trabajo Pr\u00e1ctico 2:<\/strong> <a href=\"https:\/\/blogs-fcpolit.unr.edu.ar\/redaccion1\/2022\/04\/11\/trabajo-practico-pequenas-pasiones\/\" target=\"_blank\" rel=\"noopener\">&#8220;Peque\u00f1as Pasiones&#8221;<\/a><br \/>\nFecha de entrega: <strong>30\/4<\/strong><\/p>\n","protected":false},"excerpt":{"rendered":"<p>Esta semana no se dan clases presenciales ya que es la semana de ex\u00e1menes del calendario acad\u00e9mico. Pero s\u00ed habr\u00e1 una actividad no presencial, durante estos d\u00edas har\u00e1n el Trabajo Pr\u00e1ctico 2: &#8220;Peque\u00f1as Pasiones&#8221; Fecha de entrega: 30\/4<\/p>\n","protected":false},"author":6,"featured_media":0,"comment_status":"open","ping_status":"open","sticky":false,"template":"","format":"standard","meta":{"footnotes":""},"categories":[24],"tags":[],"_links":{"self":[{"href":"https:\/\/redaccion1.fcpolit.unr.edu.ar\/comision-mayol\/wp-json\/wp\/v2\/posts\/1793"}],"collection":[{"href":"https:\/\/redaccion1.fcpolit.unr.edu.ar\/comision-mayol\/wp-json\/wp\/v2\/posts"}],"about":[{"href":"https:\/\/redaccion1.fcpolit.unr.edu.ar\/comision-mayol\/wp-json\/wp\/v2\/types\/post"}],"author":[{"embeddable":true,"href":"https:\/\/redaccion1.fcpolit.unr.edu.ar\/comision-mayol\/wp-json\/wp\/v2\/users\/6"}],"replies":[{"embeddable":true,"href":"https:\/\/redaccion1.fcpolit.unr.edu.ar\/comision-mayol\/wp-json\/wp\/v2\/comments?post=1793"}],"version-history":[{"count":0,"href":"https:\/\/redaccion1.fcpolit.unr.edu.ar\/comision-mayol\/wp-json\/wp\/v2\/posts\/1793\/revisions"}],"wp:attachment":[{"href":"https:\/\/redaccion1.fcpolit.unr.edu.ar\/comision-mayol\/wp-json\/wp\/v2\/media?parent=1793"}],"wp:term":[{"taxonomy":"category","embeddable":true,"href":"https:\/\/redaccion1.fcpolit.unr.edu.ar\/comision-mayol\/wp-json\/wp\/v2\/categories?post=1793"},{"taxonomy":"post_tag","embeddable":true,"href":"https:\/\/redaccion1.fcpolit.unr.edu.ar\/comision-mayol\/wp-json\/wp\/v2\/tags?post=1793"}],"curies":[{"name":"wp","href":"https:\/\/api.w.org\/{rel}","templated":true}]}}