{"id":1777,"date":"2022-04-05T12:57:09","date_gmt":"2022-04-05T12:57:09","guid":{"rendered":"http:\/\/blogs-fcpolit.unr.edu.ar\/redaccion1-mayol\/?p=1777"},"modified":"2022-04-05T12:57:09","modified_gmt":"2022-04-05T12:57:09","slug":"taller-redes-hoy","status":"publish","type":"post","link":"https:\/\/redaccion1.fcpolit.unr.edu.ar\/comision-mayol\/2022\/04\/05\/taller-redes-hoy\/","title":{"rendered":"Taller: Redes hoy"},"content":{"rendered":"<p>En grupos de 2 o 3 personas leer el siguiente art\u00edculo:<br \/>\n<a href=\"https:\/\/www.lanacion.com.ar\/tecnologia\/elon-musk-esta-pensando-seriamente-crear-una-red-social-alternativa-a-twitter-que-garantice-la-nid28032022\/\" target=\"_blank\" rel=\"noopener\">Elon Musk est\u00e1 \u201cpensando seriamente\u201d crear una red social alternativa a Twitter que garantice la libertad de expresi\u00f3n<\/a><br \/>\nComentarlo en el grupo teniendo en cuenta los siguientes \u00edtems:<br \/>\n1. Si usas redes sociales. \u00bfCu\u00e1les y con qu\u00e9 frecuencia?<br \/>\n2. \u00bfTe informas a trav\u00e9s de las redes? \u00bfLees alg\u00fan diario digital o solo noticias que te llegan por contactos? \u00bfCompart\u00eds u opinas sobre la informaci\u00f3n que le\u00edste?<br \/>\n3. \u00bfTe consideras audiencia de otros medios de comunicaci\u00f3n tradicionales? \u00bfCu\u00e1les y con qu\u00e9 frecuencia? \u00bfLos usas es como complemento o como fuente principal de informaci\u00f3n?<br \/>\n4. Dar algunos ejemplos donde usaste las redes para informarte o para conocer y opinar de un tema.<br \/>\n<strong>Consigna:<\/strong> armar un borrador sobre la discusi\u00f3n del tema dentro del propio grupo y luego compartirlo con el resto de la clase.<\/p>\n","protected":false},"excerpt":{"rendered":"<p>En grupos de 2 o 3 personas leer el siguiente art\u00edculo: Elon Musk est\u00e1 \u201cpensando seriamente\u201d crear una red social alternativa a Twitter que garantice la libertad de expresi\u00f3n Comentarlo en el grupo teniendo en cuenta los siguientes \u00edtems: 1. Si usas redes sociales. \u00bfCu\u00e1les y con qu\u00e9 frecuencia? 2. \u00bfTe informas a trav\u00e9s de [&hellip;]<\/p>\n","protected":false},"author":6,"featured_media":0,"comment_status":"open","ping_status":"open","sticky":false,"template":"","format":"standard","meta":{"footnotes":""},"categories":[13],"tags":[],"_links":{"self":[{"href":"https:\/\/redaccion1.fcpolit.unr.edu.ar\/comision-mayol\/wp-json\/wp\/v2\/posts\/1777"}],"collection":[{"href":"https:\/\/redaccion1.fcpolit.unr.edu.ar\/comision-mayol\/wp-json\/wp\/v2\/posts"}],"about":[{"href":"https:\/\/redaccion1.fcpolit.unr.edu.ar\/comision-mayol\/wp-json\/wp\/v2\/types\/post"}],"author":[{"embeddable":true,"href":"https:\/\/redaccion1.fcpolit.unr.edu.ar\/comision-mayol\/wp-json\/wp\/v2\/users\/6"}],"replies":[{"embeddable":true,"href":"https:\/\/redaccion1.fcpolit.unr.edu.ar\/comision-mayol\/wp-json\/wp\/v2\/comments?post=1777"}],"version-history":[{"count":0,"href":"https:\/\/redaccion1.fcpolit.unr.edu.ar\/comision-mayol\/wp-json\/wp\/v2\/posts\/1777\/revisions"}],"wp:attachment":[{"href":"https:\/\/redaccion1.fcpolit.unr.edu.ar\/comision-mayol\/wp-json\/wp\/v2\/media?parent=1777"}],"wp:term":[{"taxonomy":"category","embeddable":true,"href":"https:\/\/redaccion1.fcpolit.unr.edu.ar\/comision-mayol\/wp-json\/wp\/v2\/categories?post=1777"},{"taxonomy":"post_tag","embeddable":true,"href":"https:\/\/redaccion1.fcpolit.unr.edu.ar\/comision-mayol\/wp-json\/wp\/v2\/tags?post=1777"}],"curies":[{"name":"wp","href":"https:\/\/api.w.org\/{rel}","templated":true}]}}