{"id":1767,"date":"2022-03-15T16:09:21","date_gmt":"2022-03-15T16:09:21","guid":{"rendered":"http:\/\/blogs-fcpolit.unr.edu.ar\/redaccion1-mayol\/?p=1767"},"modified":"2022-03-15T16:09:21","modified_gmt":"2022-03-15T16:09:21","slug":"taller-me-presento","status":"publish","type":"post","link":"https:\/\/redaccion1.fcpolit.unr.edu.ar\/comision-mayol\/2022\/03\/15\/taller-me-presento\/","title":{"rendered":"Taller: Me Presento"},"content":{"rendered":"<p>Este taller es de resoluci\u00f3n individual y su objetivo es presentarse ante el grupo con el que vamos a cursar el a\u00f1o. Para esto, arm\u00e1 un borrador con una lista de intereses principales que quieras compartir y con los que te identific\u00e1s. Esta etapa es muy importante para comenzar a ordenar las ideas antes de redactar un texto o realizar un informe. Para esto, ten\u00e9 en cuenta:\u00a0por qu\u00e9 decidiste estudiar comunicaci\u00f3n, cu\u00e1les son tus intereses, si hay alg\u00fan aspecto de la carrera que te guste m\u00e1s (periodismo escrito, radio, televisi\u00f3n, organizaciones), expectativas con la carrera y la materia, etc. Luego comentalo a la clase siguiendo tu lista para hacer tu presentaci\u00f3n como estudiante de Comunicaci\u00f3n Social.<\/p>\n","protected":false},"excerpt":{"rendered":"<p>Este taller es de resoluci\u00f3n individual y su objetivo es presentarse ante el grupo con el que vamos a cursar el a\u00f1o. Para esto, arm\u00e1 un borrador con una lista de intereses principales que quieras compartir y con los que te identific\u00e1s. Esta etapa es muy importante para comenzar a ordenar las ideas antes de [&hellip;]<\/p>\n","protected":false},"author":6,"featured_media":0,"comment_status":"open","ping_status":"open","sticky":false,"template":"","format":"standard","meta":{"footnotes":""},"categories":[24],"tags":[],"_links":{"self":[{"href":"https:\/\/redaccion1.fcpolit.unr.edu.ar\/comision-mayol\/wp-json\/wp\/v2\/posts\/1767"}],"collection":[{"href":"https:\/\/redaccion1.fcpolit.unr.edu.ar\/comision-mayol\/wp-json\/wp\/v2\/posts"}],"about":[{"href":"https:\/\/redaccion1.fcpolit.unr.edu.ar\/comision-mayol\/wp-json\/wp\/v2\/types\/post"}],"author":[{"embeddable":true,"href":"https:\/\/redaccion1.fcpolit.unr.edu.ar\/comision-mayol\/wp-json\/wp\/v2\/users\/6"}],"replies":[{"embeddable":true,"href":"https:\/\/redaccion1.fcpolit.unr.edu.ar\/comision-mayol\/wp-json\/wp\/v2\/comments?post=1767"}],"version-history":[{"count":0,"href":"https:\/\/redaccion1.fcpolit.unr.edu.ar\/comision-mayol\/wp-json\/wp\/v2\/posts\/1767\/revisions"}],"wp:attachment":[{"href":"https:\/\/redaccion1.fcpolit.unr.edu.ar\/comision-mayol\/wp-json\/wp\/v2\/media?parent=1767"}],"wp:term":[{"taxonomy":"category","embeddable":true,"href":"https:\/\/redaccion1.fcpolit.unr.edu.ar\/comision-mayol\/wp-json\/wp\/v2\/categories?post=1767"},{"taxonomy":"post_tag","embeddable":true,"href":"https:\/\/redaccion1.fcpolit.unr.edu.ar\/comision-mayol\/wp-json\/wp\/v2\/tags?post=1767"}],"curies":[{"name":"wp","href":"https:\/\/api.w.org\/{rel}","templated":true}]}}