{"id":1753,"date":"2021-10-29T14:24:20","date_gmt":"2021-10-29T14:24:20","guid":{"rendered":"http:\/\/blogs-fcpolit.unr.edu.ar\/redaccion1-mayol\/?p=1753"},"modified":"2021-10-29T14:24:20","modified_gmt":"2021-10-29T14:24:20","slug":"clase-23-y-24-la-argumentacion","status":"publish","type":"post","link":"https:\/\/redaccion1.fcpolit.unr.edu.ar\/comision-mayol\/2021\/10\/29\/clase-23-y-24-la-argumentacion\/","title":{"rendered":"Clases 23 y 24: la argumentaci\u00f3n"},"content":{"rendered":"<p>Para finalizar la Unidad 4 las dos pr\u00f3ximas semanas veremos los textos argumentativos seg\u00fan la bibliograf\u00eda que figura en el texto introductorio 4.4: <a href=\"https:\/\/blogs-fcpolit.unr.edu.ar\/programa\/2020\/07\/29\/unidad-4-4-textos-argumentativos\/\" target=\"_blank\" rel=\"noopener\">Textos argumentativos<\/a>.<br \/>\nComo siempre esta parte de la unidad tiene sus <a href=\"https:\/\/blogs-fcpolit.unr.edu.ar\/programa\/2020\/08\/03\/guias-de-lectura-unidad-4-4-textos-argumentativos\/\" target=\"_blank\" rel=\"noopener\">gu\u00edas de lectura<\/a>.<br \/>\nAdem\u00e1s har\u00e1n un <strong>Trabajo Integrador:<\/strong> <a href=\"https:\/\/blogs-fcpolit.unr.edu.ar\/programa\/2020\/08\/03\/trabajo-practico-unidad-4-narrar-y-opinar\/\" target=\"_blank\" rel=\"noopener\">Narrar y Opinar<\/a> que ser\u00e1 realizado la semana del 8\/11 y deber\u00e1 ser entregado hasta el 14\/11. El tema a desarrollar en el trabajo ser\u00e1: &#8220;La nueva normalidad 2021&#8221;.<\/p>\n","protected":false},"excerpt":{"rendered":"<p>Para finalizar la Unidad 4 las dos pr\u00f3ximas semanas veremos los textos argumentativos seg\u00fan la bibliograf\u00eda que figura en el texto introductorio 4.4: Textos argumentativos. Como siempre esta parte de la unidad tiene sus gu\u00edas de lectura. Adem\u00e1s har\u00e1n un Trabajo Integrador: Narrar y Opinar que ser\u00e1 realizado la semana del 8\/11 y deber\u00e1 ser [&hellip;]<\/p>\n","protected":false},"author":6,"featured_media":0,"comment_status":"open","ping_status":"open","sticky":false,"template":"","format":"standard","meta":{"footnotes":""},"categories":[23],"tags":[],"_links":{"self":[{"href":"https:\/\/redaccion1.fcpolit.unr.edu.ar\/comision-mayol\/wp-json\/wp\/v2\/posts\/1753"}],"collection":[{"href":"https:\/\/redaccion1.fcpolit.unr.edu.ar\/comision-mayol\/wp-json\/wp\/v2\/posts"}],"about":[{"href":"https:\/\/redaccion1.fcpolit.unr.edu.ar\/comision-mayol\/wp-json\/wp\/v2\/types\/post"}],"author":[{"embeddable":true,"href":"https:\/\/redaccion1.fcpolit.unr.edu.ar\/comision-mayol\/wp-json\/wp\/v2\/users\/6"}],"replies":[{"embeddable":true,"href":"https:\/\/redaccion1.fcpolit.unr.edu.ar\/comision-mayol\/wp-json\/wp\/v2\/comments?post=1753"}],"version-history":[{"count":0,"href":"https:\/\/redaccion1.fcpolit.unr.edu.ar\/comision-mayol\/wp-json\/wp\/v2\/posts\/1753\/revisions"}],"wp:attachment":[{"href":"https:\/\/redaccion1.fcpolit.unr.edu.ar\/comision-mayol\/wp-json\/wp\/v2\/media?parent=1753"}],"wp:term":[{"taxonomy":"category","embeddable":true,"href":"https:\/\/redaccion1.fcpolit.unr.edu.ar\/comision-mayol\/wp-json\/wp\/v2\/categories?post=1753"},{"taxonomy":"post_tag","embeddable":true,"href":"https:\/\/redaccion1.fcpolit.unr.edu.ar\/comision-mayol\/wp-json\/wp\/v2\/tags?post=1753"}],"curies":[{"name":"wp","href":"https:\/\/api.w.org\/{rel}","templated":true}]}}