{"id":175,"date":"2010-06-08T11:47:08","date_gmt":"2010-06-08T11:47:08","guid":{"rendered":"http:\/\/fcpolit.unr.edu.ar\/blogs\/redaccion1-mayol\/2010\/06\/08\/la-voz\/"},"modified":"2010-06-08T11:47:08","modified_gmt":"2010-06-08T11:47:08","slug":"la-voz","status":"publish","type":"post","link":"https:\/\/redaccion1.fcpolit.unr.edu.ar\/comision-mayol\/2010\/06\/08\/la-voz\/","title":{"rendered":"La Voz"},"content":{"rendered":"<p><img loading=\"lazy\" decoding=\"async\" alt=\"Escultura%20de%20Roy%20Litchtestein%2C%20Moll%20de%20la%20Fusta%2C%20Barcelona.jpg\" src=\"http:\/\/www.bdp.org.ar\/facultad\/catedras\/comsoc\/redaccion1\/mayol\/Escultura%20de%20Roy%20Litchtestein%2C%20Moll%20de%20la%20Fusta%2C%20Barcelona.jpg\" width=\"263\" height=\"253\" \/><br \/>\n<em>Moll de la Fusta, Barcelona<br \/>\n(foto:mauri)<\/em><br \/>\n<strong>TRABAJO PR\u00c1CTICO y MATERIAL DE OBSERVACI\u00d3N<\/strong><\/p>\n<p><!--more--><br \/>\nLa siguiente <a href=\"http:\/\/www.pagina12.com.ar\/diario\/suplementos\/radar\/9-6217-2010-06-08.html\">entrevista a Victor Hugo Morales<\/a> nos servir\u00e1 para usar de ejemplo en la clase sobre <a href=\"http:\/\/www.bdp.org.ar\/facultad\/catedras\/comsoc\/redaccion1\/mayol\/2010\/06\/clases_14_y_17_de_junio.php#more\">Enunciados Referidos<\/a> y para realizar un <strong>Trabajo Pr\u00e1ctico<\/strong>.<\/p>\n<blockquote><p><u>Consignas<\/u>:<br \/>\n1. Le\u00e9 la entrevista a V\u00edctor Hugo Morales.<br \/>\n2. Seleccion\u00e1 de la parte de pregunta-respuesta las que consider\u00e9s m\u00e1s interesantes<br \/>\n3. Redact\u00e1 un texto informativo de entrevista combinando y transformando las partes elegidas de las respuestas a los estilos directo, indirecto, h\u00edbrido.<\/p><\/blockquote>\n","protected":false},"excerpt":{"rendered":"<p>Moll de la Fusta, Barcelona (foto:mauri) TRABAJO PR\u00c1CTICO y MATERIAL DE OBSERVACI\u00d3N<\/p>\n","protected":false},"author":6,"featured_media":0,"comment_status":"open","ping_status":"closed","sticky":false,"template":"","format":"standard","meta":{"footnotes":""},"categories":[11],"tags":[],"_links":{"self":[{"href":"https:\/\/redaccion1.fcpolit.unr.edu.ar\/comision-mayol\/wp-json\/wp\/v2\/posts\/175"}],"collection":[{"href":"https:\/\/redaccion1.fcpolit.unr.edu.ar\/comision-mayol\/wp-json\/wp\/v2\/posts"}],"about":[{"href":"https:\/\/redaccion1.fcpolit.unr.edu.ar\/comision-mayol\/wp-json\/wp\/v2\/types\/post"}],"author":[{"embeddable":true,"href":"https:\/\/redaccion1.fcpolit.unr.edu.ar\/comision-mayol\/wp-json\/wp\/v2\/users\/6"}],"replies":[{"embeddable":true,"href":"https:\/\/redaccion1.fcpolit.unr.edu.ar\/comision-mayol\/wp-json\/wp\/v2\/comments?post=175"}],"version-history":[{"count":0,"href":"https:\/\/redaccion1.fcpolit.unr.edu.ar\/comision-mayol\/wp-json\/wp\/v2\/posts\/175\/revisions"}],"wp:attachment":[{"href":"https:\/\/redaccion1.fcpolit.unr.edu.ar\/comision-mayol\/wp-json\/wp\/v2\/media?parent=175"}],"wp:term":[{"taxonomy":"category","embeddable":true,"href":"https:\/\/redaccion1.fcpolit.unr.edu.ar\/comision-mayol\/wp-json\/wp\/v2\/categories?post=175"},{"taxonomy":"post_tag","embeddable":true,"href":"https:\/\/redaccion1.fcpolit.unr.edu.ar\/comision-mayol\/wp-json\/wp\/v2\/tags?post=175"}],"curies":[{"name":"wp","href":"https:\/\/api.w.org\/{rel}","templated":true}]}}