{"id":1746,"date":"2021-10-15T13:31:36","date_gmt":"2021-10-15T13:31:36","guid":{"rendered":"http:\/\/blogs-fcpolit.unr.edu.ar\/redaccion1-mayol\/?p=1746"},"modified":"2021-10-15T13:31:36","modified_gmt":"2021-10-15T13:31:36","slug":"trabajo-practico-asi-comienza-mi-cronica","status":"publish","type":"post","link":"https:\/\/redaccion1.fcpolit.unr.edu.ar\/comision-mayol\/2021\/10\/15\/trabajo-practico-asi-comienza-mi-cronica\/","title":{"rendered":"Trabajo Pr\u00e1ctico: As\u00ed comienza mi cr\u00f3nica"},"content":{"rendered":"<p>1. Leer el capitulo 1 de los siguientes libros:<br \/>\n<a href=\"https:\/\/drive.google.com\/file\/d\/1vgS93-3TNI5eVS1LothaNL83mIZ_84jK\/view?usp=sharing\" target=\"_blank\" rel=\"noopener\">Hiroshima<\/a><br \/>\n<a href=\"https:\/\/drive.google.com\/file\/d\/1xyYjjmbA1BpjmPbQE4wpXO2t0BmLm9s9\/view?usp=sharing\" target=\"_blank\" rel=\"noopener\">Cuando me muera quiero que me toquen cumbia<\/a><br \/>\nSe\u00f1alar en los textos los constituyentes de la narrativa seg\u00fan el texto de H\u00e9ctor Borrat &#8220;El primado del relato&#8221; y de la superestructura narrativa de Adam citado en el texto de Calsamiglia y Tuson &#8220;La narraci\u00f3n&#8221;.<br \/>\n2. Elegir uno de los cap\u00edtulos de la consigna 1. Redactar los dos o tres primeros p\u00e1rrafos de una cr\u00f3nica sobre los hechos relatados en el cap\u00edtulo.<\/p>\n","protected":false},"excerpt":{"rendered":"<p>1. Leer el capitulo 1 de los siguientes libros: Hiroshima Cuando me muera quiero que me toquen cumbia Se\u00f1alar en los textos los constituyentes de la narrativa seg\u00fan el texto de H\u00e9ctor Borrat &#8220;El primado del relato&#8221; y de la superestructura narrativa de Adam citado en el texto de Calsamiglia y Tuson &#8220;La narraci\u00f3n&#8221;. 2. [&hellip;]<\/p>\n","protected":false},"author":6,"featured_media":0,"comment_status":"open","ping_status":"open","sticky":false,"template":"","format":"standard","meta":{"footnotes":""},"categories":[3],"tags":[],"_links":{"self":[{"href":"https:\/\/redaccion1.fcpolit.unr.edu.ar\/comision-mayol\/wp-json\/wp\/v2\/posts\/1746"}],"collection":[{"href":"https:\/\/redaccion1.fcpolit.unr.edu.ar\/comision-mayol\/wp-json\/wp\/v2\/posts"}],"about":[{"href":"https:\/\/redaccion1.fcpolit.unr.edu.ar\/comision-mayol\/wp-json\/wp\/v2\/types\/post"}],"author":[{"embeddable":true,"href":"https:\/\/redaccion1.fcpolit.unr.edu.ar\/comision-mayol\/wp-json\/wp\/v2\/users\/6"}],"replies":[{"embeddable":true,"href":"https:\/\/redaccion1.fcpolit.unr.edu.ar\/comision-mayol\/wp-json\/wp\/v2\/comments?post=1746"}],"version-history":[{"count":0,"href":"https:\/\/redaccion1.fcpolit.unr.edu.ar\/comision-mayol\/wp-json\/wp\/v2\/posts\/1746\/revisions"}],"wp:attachment":[{"href":"https:\/\/redaccion1.fcpolit.unr.edu.ar\/comision-mayol\/wp-json\/wp\/v2\/media?parent=1746"}],"wp:term":[{"taxonomy":"category","embeddable":true,"href":"https:\/\/redaccion1.fcpolit.unr.edu.ar\/comision-mayol\/wp-json\/wp\/v2\/categories?post=1746"},{"taxonomy":"post_tag","embeddable":true,"href":"https:\/\/redaccion1.fcpolit.unr.edu.ar\/comision-mayol\/wp-json\/wp\/v2\/tags?post=1746"}],"curies":[{"name":"wp","href":"https:\/\/api.w.org\/{rel}","templated":true}]}}