{"id":170,"date":"2010-05-30T19:39:26","date_gmt":"2010-05-30T19:39:26","guid":{"rendered":"http:\/\/fcpolit.unr.edu.ar\/blogs\/redaccion1-mayol\/2010\/05\/30\/cielo-argentino\/"},"modified":"2010-05-30T19:39:26","modified_gmt":"2010-05-30T19:39:26","slug":"cielo-argentino","status":"publish","type":"post","link":"https:\/\/redaccion1.fcpolit.unr.edu.ar\/comision-mayol\/2010\/05\/30\/cielo-argentino\/","title":{"rendered":"Cielo Argentino"},"content":{"rendered":"<p><em><\/em><br \/>\n<strong>TRABAJO PR\u00c1CTICO<\/strong><br \/>\nEste trabajo es una versi\u00f3n abreviada del pr\u00e1ctico <em>Mundo Posible<\/em>. Dentro del post est\u00e1n las consignas a responder.<\/p>\n<p><!--more--><\/p>\n<blockquote><p><span style=\"text-decoration: underline\">Consignas<\/span>:<br \/>\n<strong>1.<\/strong> Le\u00e9 <a href=\"https:\/\/blogs.fcpolit.unr.edu.ar\/programa\/2008\/03\/18\/el-cielo-de-los-argentinos-roberto-fontanarrosa\/\" target=\"_blank\" rel=\"noopener\">El Cielo de los Argentinos<\/a> de Roberto Fontanarrosa.<br \/>\n<strong>2.<\/strong> Extra\u00e9 de la informaci\u00f3n disponible en el cuento la que resulte apropiada para una noticia y redact\u00e1 con ella una <strong>Pir\u00e1mide Invertida<\/strong> no para el mundo real sino para el mundo posible donde se desarrolla el cuento: el cielo de los argentinos.<br \/>\n<strong>3.<\/strong> \u00bfQu\u00e9 elementos de las estrategias de coherencia local reconoc\u00e9s en el texto de tu noticia?<\/p><\/blockquote>\n","protected":false},"excerpt":{"rendered":"<p>TRABAJO PR\u00c1CTICO Este trabajo es una versi\u00f3n abreviada del pr\u00e1ctico Mundo Posible. Dentro del post est\u00e1n las consignas a responder.<\/p>\n","protected":false},"author":6,"featured_media":0,"comment_status":"open","ping_status":"closed","sticky":false,"template":"","format":"standard","meta":{"footnotes":""},"categories":[3],"tags":[],"_links":{"self":[{"href":"https:\/\/redaccion1.fcpolit.unr.edu.ar\/comision-mayol\/wp-json\/wp\/v2\/posts\/170"}],"collection":[{"href":"https:\/\/redaccion1.fcpolit.unr.edu.ar\/comision-mayol\/wp-json\/wp\/v2\/posts"}],"about":[{"href":"https:\/\/redaccion1.fcpolit.unr.edu.ar\/comision-mayol\/wp-json\/wp\/v2\/types\/post"}],"author":[{"embeddable":true,"href":"https:\/\/redaccion1.fcpolit.unr.edu.ar\/comision-mayol\/wp-json\/wp\/v2\/users\/6"}],"replies":[{"embeddable":true,"href":"https:\/\/redaccion1.fcpolit.unr.edu.ar\/comision-mayol\/wp-json\/wp\/v2\/comments?post=170"}],"version-history":[{"count":0,"href":"https:\/\/redaccion1.fcpolit.unr.edu.ar\/comision-mayol\/wp-json\/wp\/v2\/posts\/170\/revisions"}],"wp:attachment":[{"href":"https:\/\/redaccion1.fcpolit.unr.edu.ar\/comision-mayol\/wp-json\/wp\/v2\/media?parent=170"}],"wp:term":[{"taxonomy":"category","embeddable":true,"href":"https:\/\/redaccion1.fcpolit.unr.edu.ar\/comision-mayol\/wp-json\/wp\/v2\/categories?post=170"},{"taxonomy":"post_tag","embeddable":true,"href":"https:\/\/redaccion1.fcpolit.unr.edu.ar\/comision-mayol\/wp-json\/wp\/v2\/tags?post=170"}],"curies":[{"name":"wp","href":"https:\/\/api.w.org\/{rel}","templated":true}]}}