{"id":1685,"date":"2021-06-14T13:31:22","date_gmt":"2021-06-14T13:31:22","guid":{"rendered":"http:\/\/blogs-fcpolit.unr.edu.ar\/redaccion1-mayol\/?p=1685"},"modified":"2021-06-14T13:31:22","modified_gmt":"2021-06-14T13:31:22","slug":"guias-de-lectura-y-trabajo-practico","status":"publish","type":"post","link":"https:\/\/redaccion1.fcpolit.unr.edu.ar\/comision-mayol\/2021\/06\/14\/guias-de-lectura-y-trabajo-practico\/","title":{"rendered":"Gu\u00edas de lectura y trabajo pr\u00e1ctico"},"content":{"rendered":"<p>Para abordar la <strong>Unidad 2<\/strong> tienen estas <a href=\"https:\/\/blogs-fcpolit.unr.edu.ar\/programa\/2020\/03\/09\/guias-de-lectura-de-la-bibliografia-de-la-unidad-2\/\" target=\"_blank\" rel=\"noopener\">gu\u00edas de lectura<\/a> de la bibliograf\u00eda.<br \/>\nTambi\u00e9n deber\u00e1n resolver las consignas del <strong>Trabajo Pr\u00e1ctico 3:<\/strong> <a href=\"https:\/\/blogs-fcpolit.unr.edu.ar\/programa\/2008\/03\/21\/memorias-de-la-lectura\/\" target=\"_blank\" rel=\"noopener\">Memorias de la lectura<\/a>.<br \/>\nEste TP deber\u00e1 ser enviado por correo al docente y auxiliar y presentado en Meet la clase siguiente.<br \/>\nEn el caso de que tengan que rehacer el <strong>Trabajo Integrador I<\/strong> tienen tiempo hasta el <strong>30\/6<\/strong><\/p>\n","protected":false},"excerpt":{"rendered":"<p>Para abordar la Unidad 2 tienen estas gu\u00edas de lectura de la bibliograf\u00eda. Tambi\u00e9n deber\u00e1n resolver las consignas del Trabajo Pr\u00e1ctico 3: Memorias de la lectura. Este TP deber\u00e1 ser enviado por correo al docente y auxiliar y presentado en Meet la clase siguiente. En el caso de que tengan que rehacer el Trabajo Integrador [&hellip;]<\/p>\n","protected":false},"author":6,"featured_media":0,"comment_status":"open","ping_status":"open","sticky":false,"template":"","format":"standard","meta":{"footnotes":""},"categories":[23],"tags":[],"_links":{"self":[{"href":"https:\/\/redaccion1.fcpolit.unr.edu.ar\/comision-mayol\/wp-json\/wp\/v2\/posts\/1685"}],"collection":[{"href":"https:\/\/redaccion1.fcpolit.unr.edu.ar\/comision-mayol\/wp-json\/wp\/v2\/posts"}],"about":[{"href":"https:\/\/redaccion1.fcpolit.unr.edu.ar\/comision-mayol\/wp-json\/wp\/v2\/types\/post"}],"author":[{"embeddable":true,"href":"https:\/\/redaccion1.fcpolit.unr.edu.ar\/comision-mayol\/wp-json\/wp\/v2\/users\/6"}],"replies":[{"embeddable":true,"href":"https:\/\/redaccion1.fcpolit.unr.edu.ar\/comision-mayol\/wp-json\/wp\/v2\/comments?post=1685"}],"version-history":[{"count":0,"href":"https:\/\/redaccion1.fcpolit.unr.edu.ar\/comision-mayol\/wp-json\/wp\/v2\/posts\/1685\/revisions"}],"wp:attachment":[{"href":"https:\/\/redaccion1.fcpolit.unr.edu.ar\/comision-mayol\/wp-json\/wp\/v2\/media?parent=1685"}],"wp:term":[{"taxonomy":"category","embeddable":true,"href":"https:\/\/redaccion1.fcpolit.unr.edu.ar\/comision-mayol\/wp-json\/wp\/v2\/categories?post=1685"},{"taxonomy":"post_tag","embeddable":true,"href":"https:\/\/redaccion1.fcpolit.unr.edu.ar\/comision-mayol\/wp-json\/wp\/v2\/tags?post=1685"}],"curies":[{"name":"wp","href":"https:\/\/api.w.org\/{rel}","templated":true}]}}