{"id":1668,"date":"2021-05-14T14:29:29","date_gmt":"2021-05-14T14:29:29","guid":{"rendered":"http:\/\/blogs-fcpolit.unr.edu.ar\/redaccion1-mayol\/?p=1668"},"modified":"2021-05-14T14:29:29","modified_gmt":"2021-05-14T14:29:29","slug":"actividad-memoria-de-escritor","status":"publish","type":"post","link":"https:\/\/redaccion1.fcpolit.unr.edu.ar\/comision-mayol\/2021\/05\/14\/actividad-memoria-de-escritor\/","title":{"rendered":"Actividad: Memoria de escritor"},"content":{"rendered":"<p>Consigna: leer el libro &#8220;Sabores de la memoria&#8221; de Ana Pomar y comentar en taller los temas de reflexi\u00f3n que despierta la lectura. Ejemplos: de d\u00f3nde sacan sus ideas los escritores, la inspiraci\u00f3n, la memoria, las vivencias personales, etc. Relatar experiencias propias.<\/p>\n","protected":false},"excerpt":{"rendered":"<p>Consigna: leer el libro &#8220;Sabores de la memoria&#8221; de Ana Pomar y comentar en taller los temas de reflexi\u00f3n que despierta la lectura. Ejemplos: de d\u00f3nde sacan sus ideas los escritores, la inspiraci\u00f3n, la memoria, las vivencias personales, etc. Relatar experiencias propias.<\/p>\n","protected":false},"author":6,"featured_media":0,"comment_status":"open","ping_status":"open","sticky":false,"template":"","format":"standard","meta":{"footnotes":""},"categories":[13,23],"tags":[],"_links":{"self":[{"href":"https:\/\/redaccion1.fcpolit.unr.edu.ar\/comision-mayol\/wp-json\/wp\/v2\/posts\/1668"}],"collection":[{"href":"https:\/\/redaccion1.fcpolit.unr.edu.ar\/comision-mayol\/wp-json\/wp\/v2\/posts"}],"about":[{"href":"https:\/\/redaccion1.fcpolit.unr.edu.ar\/comision-mayol\/wp-json\/wp\/v2\/types\/post"}],"author":[{"embeddable":true,"href":"https:\/\/redaccion1.fcpolit.unr.edu.ar\/comision-mayol\/wp-json\/wp\/v2\/users\/6"}],"replies":[{"embeddable":true,"href":"https:\/\/redaccion1.fcpolit.unr.edu.ar\/comision-mayol\/wp-json\/wp\/v2\/comments?post=1668"}],"version-history":[{"count":0,"href":"https:\/\/redaccion1.fcpolit.unr.edu.ar\/comision-mayol\/wp-json\/wp\/v2\/posts\/1668\/revisions"}],"wp:attachment":[{"href":"https:\/\/redaccion1.fcpolit.unr.edu.ar\/comision-mayol\/wp-json\/wp\/v2\/media?parent=1668"}],"wp:term":[{"taxonomy":"category","embeddable":true,"href":"https:\/\/redaccion1.fcpolit.unr.edu.ar\/comision-mayol\/wp-json\/wp\/v2\/categories?post=1668"},{"taxonomy":"post_tag","embeddable":true,"href":"https:\/\/redaccion1.fcpolit.unr.edu.ar\/comision-mayol\/wp-json\/wp\/v2\/tags?post=1668"}],"curies":[{"name":"wp","href":"https:\/\/api.w.org\/{rel}","templated":true}]}}